{"id":322295,"date":"2024-02-15T10:19:52","date_gmt":"2024-02-15T07:19:52","guid":{"rendered":"https:\/\/sana.sy\/es\/?p=322295"},"modified":"2024-02-15T10:20:07","modified_gmt":"2024-02-15T07:20:07","slug":"israel-bombardea-el-departamento-de-ortpedia-del-complejo-medico-nasser-en-gaza","status":"publish","type":"post","link":"https:\/\/archive.sana.sy\/es\/?p=322295","title":{"rendered":"Israel bombardea el departamento de ortpedia del complejo m\u00e9dico Nasser en Gaza"},"content":{"rendered":"<blockquote>\n<p style=\"text-align: justify;\"><span style=\"color: #800000;\">Las fuerzas de ocupaci\u00f3n imponen un estricto asedio al complejo Nassr por vig\u00e9simo quinto d\u00eda consecutivo, y sus francotiradores disparan contra las personas dentro del mismo o en sus patios, lo que restringi\u00f3 el movimiento de los equipos m\u00e9dicos entre sus edificios.<\/span><\/p>\n<p style=\"text-align: justify;\"><span style=\"color: #800000;\">300 miembros del personal sanitario, 450 enfermos y heridos, y miles de desplazados se encuentran en esta instalaci\u00f3n sanitaria bloqueada.<\/span><\/p>\n<\/blockquote>\n<p style=\"text-align: justify;\"><span style=\"color: #800000;\"><strong>Jerusal\u00e9n ocupada, 15 feb (SANA)<\/strong> \u00a0<\/span>El ocupante israel\u00ed intensific\u00f3 sus bombardeos contra el hospital Al-Amal y el complejo m\u00e9dico Nasser en la ciudad de Khan Yunis, al sur de la Franja de Gaza, lo que provoc\u00f3 varios muertos e importantes da\u00f1os materiales.<\/p>\n<p style=\"text-align: justify;\">El Ministerio de Salud palestino declar\u00f3 que las fuerzas sionistas atacaron el departamento de ortopedia en el Complejo Nasser, lo que provoc\u00f3 la muerte de varios heridos, mientras numerosos pacientes resultaron lesionados.<\/p>\n<p style=\"text-align: justify;\">Aclar\u00f3 que la tuber\u00eda de ox\u00edgeno result\u00f3 da\u00f1ada como consecuencia del ataque israel\u00ed, lo que provoc\u00f3 una disminuci\u00f3n en la presi\u00f3n del ox\u00edgeno, especialmente en el departamento de cuidados intensivos, poniendo en peligro la vida de los pacientes.<\/p>\n<p style=\"text-align: justify;\">A su vez, la Sociedad de la Media Luna Roja Palestina anunci\u00f3 que violentos bombardeos israel\u00edes tuvieron como blanco las inmediaciones del Hospital Al-Amal, lo que provoc\u00f3 da\u00f1os materiales al edificio, mientras que las fuerzas de ocupaci\u00f3n volaron edificios residenciales en las inmediaciones del centro hospitalario.<\/p>\n<p style=\"text-align: justify;\">Las fuerzas de ocupaci\u00f3n imponen un estricto asedio al complejo Nassr por vig\u00e9simo quinto d\u00eda consecutivo, y sus francotiradores disparan contra las personas dentro del mismo o en sus patios, lo que restringi\u00f3 el movimiento de los equipos m\u00e9dicos entre sus edificios.<\/p>\n<p style=\"text-align: justify;\">300 miembros del personal sanitario, 450 enfermos y heridos, y miles de desplazados se encuentran en esta instalaci\u00f3n sanitaria bloqueada.<\/p>\n<p style=\"text-align: justify;\">El n\u00famero de v\u00edctimas de la actual agresi\u00f3n de la ocupaci\u00f3n israel\u00ed contra Gaza aument\u00f3 a 28.576 muertos y 68.291 heridos, mientras miles de v\u00edctimas permanecen bajo los escombros y en las carreteras.<\/p>\n<p style=\"text-align: justify;\"><strong>fm\/ws<\/strong><\/p>\n","protected":false},"excerpt":{"rendered":"<p>Las fuerzas de ocupaci\u00f3n imponen un estricto asedio al complejo Nassr por vig\u00e9simo quinto d\u00eda consecutivo, y sus francotiradores disparan contra las personas dentro del mismo o en sus patios, lo que restringi\u00f3 el movimiento de los equipos m\u00e9dicos entre sus edificios. 300 miembros del personal sanitario, 450 enfermos y heridos, y miles de desplazados &hellip;<\/p>\n","protected":false},"author":35,"featured_media":322296,"comment_status":"closed","ping_status":"closed","sticky":false,"template":"","format":"standard","meta":{"footnotes":""},"categories":[597,456,16687,20724,583],"tags":[],"class_list":["post-322295","post","type-post","status-publish","format-standard","has-post-thumbnail","","category-cinta-de-noticias","category-arabe-internacional-politica","category-internacionales","category-minuto-a-minuto","category-slide"],"_links":{"self":[{"href":"https:\/\/archive.sana.sy\/es\/index.php?rest_route=\/wp\/v2\/posts\/322295"}],"collection":[{"href":"https:\/\/archive.sana.sy\/es\/index.php?rest_route=\/wp\/v2\/posts"}],"about":[{"href":"https:\/\/archive.sana.sy\/es\/index.php?rest_route=\/wp\/v2\/types\/post"}],"author":[{"embeddable":true,"href":"https:\/\/archive.sana.sy\/es\/index.php?rest_route=\/wp\/v2\/users\/35"}],"replies":[{"embeddable":true,"href":"https:\/\/archive.sana.sy\/es\/index.php?rest_route=%2Fwp%2Fv2%2Fcomments&post=322295"}],"version-history":[{"count":2,"href":"https:\/\/archive.sana.sy\/es\/index.php?rest_route=\/wp\/v2\/posts\/322295\/revisions"}],"predecessor-version":[{"id":322298,"href":"https:\/\/archive.sana.sy\/es\/index.php?rest_route=\/wp\/v2\/posts\/322295\/revisions\/322298"}],"wp:featuredmedia":[{"embeddable":true,"href":"https:\/\/archive.sana.sy\/es\/index.php?rest_route=\/wp\/v2\/media\/322296"}],"wp:attachment":[{"href":"https:\/\/archive.sana.sy\/es\/index.php?rest_route=%2Fwp%2Fv2%2Fmedia&parent=322295"}],"wp:term":[{"taxonomy":"category","embeddable":true,"href":"https:\/\/archive.sana.sy\/es\/index.php?rest_route=%2Fwp%2Fv2%2Fcategories&post=322295"},{"taxonomy":"post_tag","embeddable":true,"href":"https:\/\/archive.sana.sy\/es\/index.php?rest_route=%2Fwp%2Fv2%2Ftags&post=322295"}],"curies":[{"name":"wp","href":"https:\/\/api.w.org\/{rel}","templated":true}]}}