{"id":322342,"date":"2024-02-15T17:14:59","date_gmt":"2024-02-15T14:14:59","guid":{"rendered":"https:\/\/sana.sy\/es\/?p=322342"},"modified":"2024-02-15T17:34:28","modified_gmt":"2024-02-15T14:34:28","slug":"bombardeos-israelies-contra-gaza-mataron-a-87-palestinos-e-hirieron-a-104-durante-un-solo-dia","status":"publish","type":"post","link":"https:\/\/archive.sana.sy\/es\/?p=322342","title":{"rendered":"Bombardeos israel\u00edes contra Gaza mataron a 87 palestinos e hirieron a 104 durante un solo d\u00eda"},"content":{"rendered":"<p style=\"text-align: justify;\"><span style=\"color: #800000;\"><strong>Jerusal\u00e9n ocupada, 15 feb (SANA)<\/strong> <\/span>El Ministerio de Salud palestino anunci\u00f3 que el ej\u00e9rcito de ocupaci\u00f3n israel\u00ed cometi\u00f3 9 masacres en la Franja de Gaza durante las \u00faltimas 24 horas, dejando 87 m\u00e1rtires y 104 heridos.<\/p>\n<p style=\"text-align: justify;\">En un comunicado, el Ministerio explic\u00f3 que el n\u00famero total de v\u00edctimas durante 132 d\u00edas de guerra aument\u00f3 a 28.663 muertos y 68.395 heridos.<\/p>\n<p style=\"text-align: justify;\">Aclar\u00f3 que cientos de v\u00edctimas todav\u00eda se encuentran bajo los escombros y en las carreteras, ya que el ocupante impide que las ambulancias y los equipos de defensa civil lleguen hasta ellos.<\/p>\n<p style=\"text-align: justify;\">El ente de salud aclar\u00f3 que las fuerzas de ocupaci\u00f3n irrumpieron en el Complejo M\u00e9dico Nasser en la ciudad de Khan Yunis, al sur de la Franja de Gaza, y lo convirtieron en un cuartel militar tras demoler el muro sure\u00f1o.<\/p>\n<p style=\"text-align: justify;\">El ocupante oblig\u00f3 a los desplazados restantes y a las familias del personal m\u00e9dico a abandonar el complejo, y pidi\u00f3 a la administraci\u00f3n del complejo trasladar a todos los pacientes, incluidos los de cuidados intensivos al antiguo edificio Nasser, incluidos 6 pacientes bajo respiraci\u00f3n artificial.<\/p>\n<p style=\"text-align: justify;\">fm\/sm<\/p>\n","protected":false},"excerpt":{"rendered":"<p>Jerusal\u00e9n ocupada, 15 feb (SANA) El Ministerio de Salud palestino anunci\u00f3 que el ej\u00e9rcito de ocupaci\u00f3n israel\u00ed cometi\u00f3 9 masacres en la Franja de Gaza durante las \u00faltimas 24 horas, dejando 87 m\u00e1rtires y 104 heridos. En un comunicado, el Ministerio explic\u00f3 que el n\u00famero total de v\u00edctimas durante 132 d\u00edas de guerra aument\u00f3 a &hellip;<\/p>\n","protected":false},"author":39,"featured_media":322343,"comment_status":"closed","ping_status":"closed","sticky":false,"template":"","format":"standard","meta":{"footnotes":""},"categories":[597,456,16687,20724,583],"tags":[],"class_list":["post-322342","post","type-post","status-publish","format-standard","has-post-thumbnail","","category-cinta-de-noticias","category-arabe-internacional-politica","category-internacionales","category-minuto-a-minuto","category-slide"],"_links":{"self":[{"href":"https:\/\/archive.sana.sy\/es\/index.php?rest_route=\/wp\/v2\/posts\/322342"}],"collection":[{"href":"https:\/\/archive.sana.sy\/es\/index.php?rest_route=\/wp\/v2\/posts"}],"about":[{"href":"https:\/\/archive.sana.sy\/es\/index.php?rest_route=\/wp\/v2\/types\/post"}],"author":[{"embeddable":true,"href":"https:\/\/archive.sana.sy\/es\/index.php?rest_route=\/wp\/v2\/users\/39"}],"replies":[{"embeddable":true,"href":"https:\/\/archive.sana.sy\/es\/index.php?rest_route=%2Fwp%2Fv2%2Fcomments&post=322342"}],"version-history":[{"count":1,"href":"https:\/\/archive.sana.sy\/es\/index.php?rest_route=\/wp\/v2\/posts\/322342\/revisions"}],"predecessor-version":[{"id":322344,"href":"https:\/\/archive.sana.sy\/es\/index.php?rest_route=\/wp\/v2\/posts\/322342\/revisions\/322344"}],"wp:featuredmedia":[{"embeddable":true,"href":"https:\/\/archive.sana.sy\/es\/index.php?rest_route=\/wp\/v2\/media\/322343"}],"wp:attachment":[{"href":"https:\/\/archive.sana.sy\/es\/index.php?rest_route=%2Fwp%2Fv2%2Fmedia&parent=322342"}],"wp:term":[{"taxonomy":"category","embeddable":true,"href":"https:\/\/archive.sana.sy\/es\/index.php?rest_route=%2Fwp%2Fv2%2Fcategories&post=322342"},{"taxonomy":"post_tag","embeddable":true,"href":"https:\/\/archive.sana.sy\/es\/index.php?rest_route=%2Fwp%2Fv2%2Ftags&post=322342"}],"curies":[{"name":"wp","href":"https:\/\/api.w.org\/{rel}","templated":true}]}}