{"id":322379,"date":"2024-02-16T11:50:11","date_gmt":"2024-02-16T08:50:11","guid":{"rendered":"https:\/\/sana.sy\/es\/?p=322379"},"modified":"2024-02-16T11:50:11","modified_gmt":"2024-02-16T08:50:11","slug":"australia-canada-y-nueva-zelanda-piden-alto-inmediato-al-fuego-en-gaza","status":"publish","type":"post","link":"https:\/\/archive.sana.sy\/es\/?p=322379","title":{"rendered":"Australia, Canad\u00e1 y Nueva Zelanda piden alto inmediato al fuego en Gaza"},"content":{"rendered":"<p style=\"text-align: justify;\"><span style=\"color: #800000;\"><strong>S\u00eddney, 16 feb (SANA)<\/strong><\/span> Canad\u00e1, Australia y Nueva Zelanda instaron a un alto al fuego inmediato por razones humanitarias en la Franja de Gaza.<\/p>\n<p style=\"text-align: justify;\">Los Primeros Ministros de los tres pa\u00edses expresaron su profunda preocupaci\u00f3n por las indicaciones de que \u201cIsrael\u201d planea un ataque terrestre en Rafah, y advirtieron que \u201ccualquier operaci\u00f3n militar en Rafah ser\u00eda catastr\u00f3fica\u201d.<\/p>\n<p style=\"text-align: justify;\">Estas declaraciones se hicieron en un comunicado conjunto en respuesta a informes sobre la incursi\u00f3n del ej\u00e9rcito israel\u00ed en la ciudad de Rafah, al sur de la Franja de Gaza, seg\u00fan divulg\u00f3 Reuters.<\/p>\n<p style=\"text-align: justify;\">&#8220;Hay una necesidad urgente de un alto el fuego inmediato por razones humanitarias&#8221;, destac\u00f3 el comunicado e inst\u00f3 a \u201cIsrael\u201d a no llevar a cabo el ataque.<\/p>\n<p style=\"text-align: justify;\">Los Primeros Ministros dijeron en el comunicado que el fallo emitido por la Corte Internacional de Justicia en enero sobre el caso de genocidio presentado por Sud\u00e1frica obliga a \u201cIsrael\u201d a proteger a los civiles y proporcionar servicios esenciales y asistencia humanitaria urgente.<\/p>\n<p style=\"text-align: justify;\">&#8220;La protecci\u00f3n de civiles es de suma importancia y es una obligaci\u00f3n bajo el derecho internacional humanitario&#8221;, concluyeron.<\/p>\n<p style=\"text-align: justify;\"><em><strong>ah<\/strong><\/em><\/p>\n","protected":false},"excerpt":{"rendered":"<p>S\u00eddney, 16 feb (SANA) Canad\u00e1, Australia y Nueva Zelanda instaron a un alto al fuego inmediato por razones humanitarias en la Franja de Gaza. Los Primeros Ministros de los tres pa\u00edses expresaron su profunda preocupaci\u00f3n por las indicaciones de que \u201cIsrael\u201d planea un ataque terrestre en Rafah, y advirtieron que \u201ccualquier operaci\u00f3n militar en Rafah &hellip;<\/p>\n","protected":false},"author":30,"featured_media":322380,"comment_status":"closed","ping_status":"closed","sticky":false,"template":"","format":"standard","meta":{"footnotes":""},"categories":[597,456,20724,7541],"tags":[],"class_list":["post-322379","post","type-post","status-publish","format-standard","has-post-thumbnail","","category-cinta-de-noticias","category-arabe-internacional-politica","category-minuto-a-minuto","category-ultimas-noticias"],"_links":{"self":[{"href":"https:\/\/archive.sana.sy\/es\/index.php?rest_route=\/wp\/v2\/posts\/322379"}],"collection":[{"href":"https:\/\/archive.sana.sy\/es\/index.php?rest_route=\/wp\/v2\/posts"}],"about":[{"href":"https:\/\/archive.sana.sy\/es\/index.php?rest_route=\/wp\/v2\/types\/post"}],"author":[{"embeddable":true,"href":"https:\/\/archive.sana.sy\/es\/index.php?rest_route=\/wp\/v2\/users\/30"}],"replies":[{"embeddable":true,"href":"https:\/\/archive.sana.sy\/es\/index.php?rest_route=%2Fwp%2Fv2%2Fcomments&post=322379"}],"version-history":[{"count":1,"href":"https:\/\/archive.sana.sy\/es\/index.php?rest_route=\/wp\/v2\/posts\/322379\/revisions"}],"predecessor-version":[{"id":322381,"href":"https:\/\/archive.sana.sy\/es\/index.php?rest_route=\/wp\/v2\/posts\/322379\/revisions\/322381"}],"wp:featuredmedia":[{"embeddable":true,"href":"https:\/\/archive.sana.sy\/es\/index.php?rest_route=\/wp\/v2\/media\/322380"}],"wp:attachment":[{"href":"https:\/\/archive.sana.sy\/es\/index.php?rest_route=%2Fwp%2Fv2%2Fmedia&parent=322379"}],"wp:term":[{"taxonomy":"category","embeddable":true,"href":"https:\/\/archive.sana.sy\/es\/index.php?rest_route=%2Fwp%2Fv2%2Fcategories&post=322379"},{"taxonomy":"post_tag","embeddable":true,"href":"https:\/\/archive.sana.sy\/es\/index.php?rest_route=%2Fwp%2Fv2%2Ftags&post=322379"}],"curies":[{"name":"wp","href":"https:\/\/api.w.org\/{rel}","templated":true}]}}