{"id":322382,"date":"2024-02-16T11:58:34","date_gmt":"2024-02-16T08:58:34","guid":{"rendered":"https:\/\/sana.sy\/es\/?p=322382"},"modified":"2024-02-16T11:58:34","modified_gmt":"2024-02-16T08:58:34","slug":"defensas-antiaereas-rusas-derriban-cinco-drones-ucranianos-sobre-el-mar-negro-y-belgorod","status":"publish","type":"post","link":"https:\/\/archive.sana.sy\/es\/?p=322382","title":{"rendered":"Defensas antia\u00e9reas rusas derriban cinco drones ucranianos sobre el mar Negro y Belgorod"},"content":{"rendered":"<p style=\"text-align: justify;\"><span style=\"color: #800000;\"><strong>Mosc\u00fa, 16 feb (SANA)<\/strong><\/span> Las defensas antia\u00e9reas rusas derribaron este jueves cinco drones ucranianos sobre el mar Negro y la provincia de Belgorod, al suroeste de Rusia.<\/p>\n<p style=\"text-align: justify;\">&#8220;Las defensas antia\u00e9reas rusas frustraron un intento del r\u00e9gimen ucraniano de llevar a cabo ataques terroristas con cinco drones, y destruyeron uno de los drones en la provincia de Belgorod y los otros cuatro sobre el mar Negro&#8221;, comunic\u00f3 este viernes el Ministerio de Defensa de Rusia.<\/p>\n<p style=\"text-align: justify;\">Este jueves, el ente castrense anunci\u00f3 el derribo de 14 misiles lanzados por las fuerzas del r\u00e9gimen de Kiev en la provincia de Belgorod, al suroeste de Rusia.<\/p>\n<p style=\"text-align: justify;\">La portavoz del Ministerio de Relaciones Exteriores ruso, Mar\u00eda Zakharova, afirm\u00f3 ayer que el ataque del r\u00e9gimen ucraniano a Belgorod se considera un acto terrorista.<\/p>\n<p style=\"text-align: justify;\">La cifra de v\u00edctimas del bombardeo ucraniano en la ciudad de Belgorod, al oeste de Rusia, aument\u00f3 a siete muertos y 19 heridos.<\/p>\n<p style=\"text-align: justify;\">La agencia de noticias TASS cit\u00f3 al servicio de prensa del Ministerio de Salud ruso en un comunicado que los \u00faltimos datos indican siete muertos y 19 heridos, incluidos cuatro ni\u00f1os, como resultado del bombardeo ucraniano.<\/p>\n<p style=\"text-align: justify;\"><em><strong>ah<\/strong><\/em><\/p>\n","protected":false},"excerpt":{"rendered":"<p>Mosc\u00fa, 16 feb (SANA) Las defensas antia\u00e9reas rusas derribaron este jueves cinco drones ucranianos sobre el mar Negro y la provincia de Belgorod, al suroeste de Rusia. &#8220;Las defensas antia\u00e9reas rusas frustraron un intento del r\u00e9gimen ucraniano de llevar a cabo ataques terroristas con cinco drones, y destruyeron uno de los drones en la provincia &hellip;<\/p>\n","protected":false},"author":30,"featured_media":322383,"comment_status":"closed","ping_status":"closed","sticky":false,"template":"","format":"standard","meta":{"footnotes":""},"categories":[597,456,20724,7541],"tags":[],"class_list":["post-322382","post","type-post","status-publish","format-standard","has-post-thumbnail","","category-cinta-de-noticias","category-arabe-internacional-politica","category-minuto-a-minuto","category-ultimas-noticias"],"_links":{"self":[{"href":"https:\/\/archive.sana.sy\/es\/index.php?rest_route=\/wp\/v2\/posts\/322382"}],"collection":[{"href":"https:\/\/archive.sana.sy\/es\/index.php?rest_route=\/wp\/v2\/posts"}],"about":[{"href":"https:\/\/archive.sana.sy\/es\/index.php?rest_route=\/wp\/v2\/types\/post"}],"author":[{"embeddable":true,"href":"https:\/\/archive.sana.sy\/es\/index.php?rest_route=\/wp\/v2\/users\/30"}],"replies":[{"embeddable":true,"href":"https:\/\/archive.sana.sy\/es\/index.php?rest_route=%2Fwp%2Fv2%2Fcomments&post=322382"}],"version-history":[{"count":1,"href":"https:\/\/archive.sana.sy\/es\/index.php?rest_route=\/wp\/v2\/posts\/322382\/revisions"}],"predecessor-version":[{"id":322384,"href":"https:\/\/archive.sana.sy\/es\/index.php?rest_route=\/wp\/v2\/posts\/322382\/revisions\/322384"}],"wp:featuredmedia":[{"embeddable":true,"href":"https:\/\/archive.sana.sy\/es\/index.php?rest_route=\/wp\/v2\/media\/322383"}],"wp:attachment":[{"href":"https:\/\/archive.sana.sy\/es\/index.php?rest_route=%2Fwp%2Fv2%2Fmedia&parent=322382"}],"wp:term":[{"taxonomy":"category","embeddable":true,"href":"https:\/\/archive.sana.sy\/es\/index.php?rest_route=%2Fwp%2Fv2%2Fcategories&post=322382"},{"taxonomy":"post_tag","embeddable":true,"href":"https:\/\/archive.sana.sy\/es\/index.php?rest_route=%2Fwp%2Fv2%2Ftags&post=322382"}],"curies":[{"name":"wp","href":"https:\/\/api.w.org\/{rel}","templated":true}]}}