{"id":322385,"date":"2024-02-16T12:27:58","date_gmt":"2024-02-16T09:27:58","guid":{"rendered":"https:\/\/sana.sy\/es\/?p=322385"},"modified":"2024-02-16T12:34:57","modified_gmt":"2024-02-16T09:34:57","slug":"rusia-acusa-a-occidente-de-violaciones-flagrantes-de-derechos-humanos-bajo-pretexto-de-lucha-antiterrorista","status":"publish","type":"post","link":"https:\/\/archive.sana.sy\/es\/?p=322385","title":{"rendered":"Rusia acusa a Occidente de violaciones flagrantes de derechos humanos bajo pretexto de lucha antiterrorista"},"content":{"rendered":"<blockquote>\n<p style=\"text-align: justify;\"><span style=\"color: #ff6600;\"><strong>&#8220;Al escuchar a nuestros colegas occidentales hablar sobre la importancia de proteger los derechos humanos en medidas antiterroristas y respetar el derecho internacional, recordamos las violaciones flagrantes de estos derechos durante operaciones en Afganist\u00e1n, Libia, Irak y Siria, y la presencia militar francesa en el Sahel&#8221;<\/strong><\/span><\/p>\n<\/blockquote>\n<p style=\"text-align: justify;\"><span style=\"color: #800000;\"><strong>Nueva York, 16 feb (SANA)<\/strong><\/span> La representante adjunta de Rusia ante las Naciones Unidas, Maria Zabolotskaya, afirm\u00f3 que los pa\u00edses occidentales violan los derechos humanos durante sus campa\u00f1as militares bajo el pretexto de la &#8220;lucha contra el terrorismo&#8221; en varias partes del mundo.<\/p>\n<p style=\"text-align: justify;\">&#8220;Al escuchar a nuestros colegas occidentales hablar sobre la importancia de proteger los derechos humanos en medidas antiterroristas y respetar el derecho internacional, recordamos las violaciones flagrantes de estos derechos durante operaciones en Afganist\u00e1n, Libia, Irak y Siria, y la presencia militar francesa en el Sahel&#8221;, cit\u00f3 TASS a Zabolotskaya en su intervenci\u00f3n ante el Consejo de Seguridad de la ONU.<\/p>\n<p style=\"text-align: justify;\">La funcionaria rusa destac\u00f3 que la preocupaci\u00f3n repentina de los representantes occidentales sobre los derechos humanos contradice abiertamente las violaciones que ellos denominan como &#8220;da\u00f1os colaterales&#8221;, un t\u00e9rmino que acostumbran usar para disfrazar los considerables da\u00f1os humanos causados por sus bombardeos indiscriminados en ciudades, que alegan dirigirse contra terroristas.<\/p>\n<p style=\"text-align: justify;\">Asimismo, se\u00f1al\u00f3 que el juego jugado por el Occidente colectivo basado en el uso del pretexto de (combatir el terrorismo) y la injerencia en los asuntos internos de otros pa\u00edses, y los intentos de socavar a los gobiernos (indeseables) para ellos, as\u00ed como ignorar por completo la soberan\u00eda de los estados, da\u00f1aron enormemente a estos pa\u00edses.<\/p>\n<p style=\"text-align: justify;\">&#8220;Este problema global no se erradicar\u00e1 mientras los pa\u00edses occidentales utilicen terroristas y extremistas para derrocar gobiernos y librar guerras de poder para lograr sus objetivos geopol\u00edticos&#8221;, agreg\u00f3.<\/p>\n<p style=\"text-align: justify;\">Zabolotskaya concluy\u00f3 recordando las prisiones y c\u00e1rceles secretas de la Agencia Central de Inteligencia (CIA) de EE. UU., incluidas las que operan en pa\u00edses de la Uni\u00f3n Europea, as\u00ed como las condiciones inhumanas y actos de tortura practicados en sus prisiones contra detenidos en Irak y Afganist\u00e1n.<\/p>\n<p style=\"text-align: justify;\"><em><strong>ah<\/strong><\/em><\/p>\n","protected":false},"excerpt":{"rendered":"<p>&#8220;Al escuchar a nuestros colegas occidentales hablar sobre la importancia de proteger los derechos humanos en medidas antiterroristas y respetar el derecho internacional, recordamos las violaciones flagrantes de estos derechos durante operaciones en Afganist\u00e1n, Libia, Irak y Siria, y la presencia militar francesa en el Sahel&#8221; Nueva York, 16 feb (SANA) La representante adjunta de &hellip;<\/p>\n","protected":false},"author":30,"featured_media":322386,"comment_status":"closed","ping_status":"closed","sticky":false,"template":"","format":"standard","meta":{"footnotes":""},"categories":[597,456,20724,7541],"tags":[],"class_list":["post-322385","post","type-post","status-publish","format-standard","has-post-thumbnail","","category-cinta-de-noticias","category-arabe-internacional-politica","category-minuto-a-minuto","category-ultimas-noticias"],"_links":{"self":[{"href":"https:\/\/archive.sana.sy\/es\/index.php?rest_route=\/wp\/v2\/posts\/322385"}],"collection":[{"href":"https:\/\/archive.sana.sy\/es\/index.php?rest_route=\/wp\/v2\/posts"}],"about":[{"href":"https:\/\/archive.sana.sy\/es\/index.php?rest_route=\/wp\/v2\/types\/post"}],"author":[{"embeddable":true,"href":"https:\/\/archive.sana.sy\/es\/index.php?rest_route=\/wp\/v2\/users\/30"}],"replies":[{"embeddable":true,"href":"https:\/\/archive.sana.sy\/es\/index.php?rest_route=%2Fwp%2Fv2%2Fcomments&post=322385"}],"version-history":[{"count":5,"href":"https:\/\/archive.sana.sy\/es\/index.php?rest_route=\/wp\/v2\/posts\/322385\/revisions"}],"predecessor-version":[{"id":322391,"href":"https:\/\/archive.sana.sy\/es\/index.php?rest_route=\/wp\/v2\/posts\/322385\/revisions\/322391"}],"wp:featuredmedia":[{"embeddable":true,"href":"https:\/\/archive.sana.sy\/es\/index.php?rest_route=\/wp\/v2\/media\/322386"}],"wp:attachment":[{"href":"https:\/\/archive.sana.sy\/es\/index.php?rest_route=%2Fwp%2Fv2%2Fmedia&parent=322385"}],"wp:term":[{"taxonomy":"category","embeddable":true,"href":"https:\/\/archive.sana.sy\/es\/index.php?rest_route=%2Fwp%2Fv2%2Fcategories&post=322385"},{"taxonomy":"post_tag","embeddable":true,"href":"https:\/\/archive.sana.sy\/es\/index.php?rest_route=%2Fwp%2Fv2%2Ftags&post=322385"}],"curies":[{"name":"wp","href":"https:\/\/api.w.org\/{rel}","templated":true}]}}