{"id":322392,"date":"2024-02-16T12:46:20","date_gmt":"2024-02-16T09:46:20","guid":{"rendered":"https:\/\/sana.sy\/es\/?p=322392"},"modified":"2024-02-16T13:33:16","modified_gmt":"2024-02-16T10:33:16","slug":"china-insta-a-aumentar-cooperacion-internacional-en-la-lucha-contra-el-terrorismo","status":"publish","type":"post","link":"https:\/\/archive.sana.sy\/es\/?p=322392","title":{"rendered":"China insta a aumentar cooperaci\u00f3n internacional en la lucha contra el terrorismo"},"content":{"rendered":"<p style=\"text-align: justify;\"><span style=\"color: #800000;\"><strong>Nueva York, 16 feb (SANA)<\/strong><\/span> China destac\u00f3 la importancia del papel crucial de la cooperaci\u00f3n internacional para hacer frente a los diversos desaf\u00edos planteados por el terrorismo.<\/p>\n<p style=\"text-align: justify;\">El pa\u00eds asi\u00e1tico inst\u00f3 a la comunidad internacional a combatir todas las organizaciones terroristas y los elementos terroristas designados por el Consejo de Seguridad, mediante la adopci\u00f3n de un &#8220;concepto de seguridad com\u00fan, integral, cooperativo y sostenible&#8221;.<\/p>\n<p style=\"text-align: justify;\">Seg\u00fan la agencia Xinhua, el representante permanente de China ante las Naciones Unidas, Zhang Jun, expres\u00f3 en un discurso pronunciado este jueves en una reuni\u00f3n del Consejo de Seguridad sobre la lucha contra el terrorismo, la necesidad de adoptar el enfoque correcto y la voluntad pol\u00edtica fuerte para combatir el terrorismo.<\/p>\n<p style=\"text-align: justify;\">Zhang destac\u00f3 que el amplio alcance de las actividades terroristas, sus redes organizativas complejas y la movilidad frecuente de terroristas hacen que sea dif\u00edcil para cualquier pa\u00eds abordar y eliminar estos problemas de manera independiente.<\/p>\n<p style=\"text-align: justify;\">El enviado chino subray\u00f3 la concentraci\u00f3n de fuerzas terroristas en Afganist\u00e1n, y afirm\u00f3 que &#8220;la comunidad internacional debe seguir siendo muy vigilante, unirse para combatir todas las fuerzas terroristas y trabajar para evitar que Afganist\u00e1n vuelva a convertirse en un centro para organizaciones terroristas&#8221;.<\/p>\n<p style=\"text-align: justify;\">Tambi\u00e9n se\u00f1al\u00f3 la grave situaci\u00f3n del terrorismo en \u00c1frica occidental y la regi\u00f3n del Sahel, e inst\u00f3 a las Naciones Unidas y la comunidad internacional a proporcionar m\u00e1s apoyo de recursos y ayudar a los pa\u00edses africanos a fortalecer sus capacidades legislativas, judiciales y de aplicaci\u00f3n de la ley, y mejorar la &#8220;eficacia en la lucha contra el terrorismo&#8221;.<\/p>\n<p style=\"text-align: justify;\">\u201cChina siempre prioriza la cooperaci\u00f3n internacional en la lucha contra el terrorismo y participa activamente en ella, y ayuda a los pa\u00edses en desarrollo, especialmente africanos, a fortalecer sus capacidades en la lucha antiterrorista a trav\u00e9s de canales bilaterales y multilaterales, as\u00ed como apoya las entidades de las Naciones Unidas encargadas de combatir el terrorismo a trav\u00e9s del Fondo de China y las Naciones Unidas para la Paz y el Desarrollo\u201d, concluy\u00f3.<\/p>\n<p style=\"text-align: justify;\"><em><strong>ah<\/strong><\/em><\/p>\n<p style=\"text-align: justify;\">\n","protected":false},"excerpt":{"rendered":"<p>Nueva York, 16 feb (SANA) China destac\u00f3 la importancia del papel crucial de la cooperaci\u00f3n internacional para hacer frente a los diversos desaf\u00edos planteados por el terrorismo. El pa\u00eds asi\u00e1tico inst\u00f3 a la comunidad internacional a combatir todas las organizaciones terroristas y los elementos terroristas designados por el Consejo de Seguridad, mediante la adopci\u00f3n de &hellip;<\/p>\n","protected":false},"author":30,"featured_media":322393,"comment_status":"closed","ping_status":"closed","sticky":false,"template":"","format":"standard","meta":{"footnotes":""},"categories":[597,456,20724,583],"tags":[],"class_list":["post-322392","post","type-post","status-publish","format-standard","has-post-thumbnail","","category-cinta-de-noticias","category-arabe-internacional-politica","category-minuto-a-minuto","category-slide"],"_links":{"self":[{"href":"https:\/\/archive.sana.sy\/es\/index.php?rest_route=\/wp\/v2\/posts\/322392"}],"collection":[{"href":"https:\/\/archive.sana.sy\/es\/index.php?rest_route=\/wp\/v2\/posts"}],"about":[{"href":"https:\/\/archive.sana.sy\/es\/index.php?rest_route=\/wp\/v2\/types\/post"}],"author":[{"embeddable":true,"href":"https:\/\/archive.sana.sy\/es\/index.php?rest_route=\/wp\/v2\/users\/30"}],"replies":[{"embeddable":true,"href":"https:\/\/archive.sana.sy\/es\/index.php?rest_route=%2Fwp%2Fv2%2Fcomments&post=322392"}],"version-history":[{"count":1,"href":"https:\/\/archive.sana.sy\/es\/index.php?rest_route=\/wp\/v2\/posts\/322392\/revisions"}],"predecessor-version":[{"id":322394,"href":"https:\/\/archive.sana.sy\/es\/index.php?rest_route=\/wp\/v2\/posts\/322392\/revisions\/322394"}],"wp:featuredmedia":[{"embeddable":true,"href":"https:\/\/archive.sana.sy\/es\/index.php?rest_route=\/wp\/v2\/media\/322393"}],"wp:attachment":[{"href":"https:\/\/archive.sana.sy\/es\/index.php?rest_route=%2Fwp%2Fv2%2Fmedia&parent=322392"}],"wp:term":[{"taxonomy":"category","embeddable":true,"href":"https:\/\/archive.sana.sy\/es\/index.php?rest_route=%2Fwp%2Fv2%2Fcategories&post=322392"},{"taxonomy":"post_tag","embeddable":true,"href":"https:\/\/archive.sana.sy\/es\/index.php?rest_route=%2Fwp%2Fv2%2Ftags&post=322392"}],"curies":[{"name":"wp","href":"https:\/\/api.w.org\/{rel}","templated":true}]}}