{"id":322403,"date":"2024-02-16T14:46:50","date_gmt":"2024-02-16T11:46:50","guid":{"rendered":"https:\/\/sana.sy\/es\/?p=322403"},"modified":"2024-02-16T14:47:16","modified_gmt":"2024-02-16T11:47:16","slug":"ucrania-hoy-es-un-arma-ciega-en-manos-de-occidente-contra-rusia-afirma-medvedev","status":"publish","type":"post","link":"https:\/\/archive.sana.sy\/es\/?p=322403","title":{"rendered":"Ucrania hoy es un arma ciega en manos de Occidente contra Rusia, afirma Medvedev"},"content":{"rendered":"<p style=\"text-align: justify;\"><span style=\"color: #800000;\"><strong>Mosc\u00fa, 16 feb (SANA)\u00a0 <\/strong><\/span>El vicepresidente del Consejo de Seguridad de Rusia, Dmitry Medvedev, confirm\u00f3 que Ucrania perdi\u00f3 completamente su independencia pol\u00edtica y se convirti\u00f3 en un arma ciega contra Rusia en manos de Occidente.<\/p>\n<p style=\"text-align: justify;\">Medvedev indic\u00f3 que Washington depende de los pa\u00edses afiliados a ella para implementar sus nueva pol\u00edtica colonial.<\/p>\n<p style=\"text-align: justify;\">Durante el Foro Internacional de Partidarios de la Lucha contra las Pr\u00e1cticas Coloniales Modernas celebrado hoy en Mosc\u00fa, el alto funcionario ruso consider\u00f3 que en el foro se re\u00fanen delegados de partidos pol\u00edticos y organizaciones p\u00fablicas de diversas partes del mundo provenientes de Asia, \u00c1frica, Medio Oriente, Europa y Am\u00e9rica Latina que representan la verdadera mayor\u00eda global y coinciden en la necesidad de la prosperidad de sus pueblos y el desarrollo de sus pa\u00edses, lejos de pr\u00e1cticas neocoloniales.<\/p>\n<p style=\"text-align: justify;\">Medvedev afirm\u00f3 que los antiguos imperios coloniales todav\u00eda est\u00e1n pensando en su singularidad y que EEUU no puede llevar a cabo su nueva pol\u00edtica colonial por s\u00ed solo, por lo que impone la carga de los costos de seguir esa pol\u00edtica a pa\u00edses asociados a la Casa Blanca.<\/p>\n<p style=\"text-align: justify;\">\u00a0\u201cLamentablemente, Ucrania ha perdido completamente su independencia pol\u00edtica y es hoy como un arma ciega en manos del Occidente colectivo contra Rusia y es por eso que estamos lanzando la operaci\u00f3n militar especial para proteger nuestros intereses nacionales\u201d, agreg\u00f3 el titular ruso.<\/p>\n<p style=\"text-align: justify;\">sm<\/p>\n","protected":false},"excerpt":{"rendered":"<p>Mosc\u00fa, 16 feb (SANA)\u00a0 El vicepresidente del Consejo de Seguridad de Rusia, Dmitry Medvedev, confirm\u00f3 que Ucrania perdi\u00f3 completamente su independencia pol\u00edtica y se convirti\u00f3 en un arma ciega contra Rusia en manos de Occidente. Medvedev indic\u00f3 que Washington depende de los pa\u00edses afiliados a ella para implementar sus nueva pol\u00edtica colonial. Durante el Foro &hellip;<\/p>\n","protected":false},"author":39,"featured_media":322404,"comment_status":"closed","ping_status":"closed","sticky":false,"template":"","format":"standard","meta":{"footnotes":""},"categories":[597,456,16687,20724,7541],"tags":[],"class_list":["post-322403","post","type-post","status-publish","format-standard","has-post-thumbnail","","category-cinta-de-noticias","category-arabe-internacional-politica","category-internacionales","category-minuto-a-minuto","category-ultimas-noticias"],"_links":{"self":[{"href":"https:\/\/archive.sana.sy\/es\/index.php?rest_route=\/wp\/v2\/posts\/322403"}],"collection":[{"href":"https:\/\/archive.sana.sy\/es\/index.php?rest_route=\/wp\/v2\/posts"}],"about":[{"href":"https:\/\/archive.sana.sy\/es\/index.php?rest_route=\/wp\/v2\/types\/post"}],"author":[{"embeddable":true,"href":"https:\/\/archive.sana.sy\/es\/index.php?rest_route=\/wp\/v2\/users\/39"}],"replies":[{"embeddable":true,"href":"https:\/\/archive.sana.sy\/es\/index.php?rest_route=%2Fwp%2Fv2%2Fcomments&post=322403"}],"version-history":[{"count":2,"href":"https:\/\/archive.sana.sy\/es\/index.php?rest_route=\/wp\/v2\/posts\/322403\/revisions"}],"predecessor-version":[{"id":322406,"href":"https:\/\/archive.sana.sy\/es\/index.php?rest_route=\/wp\/v2\/posts\/322403\/revisions\/322406"}],"wp:featuredmedia":[{"embeddable":true,"href":"https:\/\/archive.sana.sy\/es\/index.php?rest_route=\/wp\/v2\/media\/322404"}],"wp:attachment":[{"href":"https:\/\/archive.sana.sy\/es\/index.php?rest_route=%2Fwp%2Fv2%2Fmedia&parent=322403"}],"wp:term":[{"taxonomy":"category","embeddable":true,"href":"https:\/\/archive.sana.sy\/es\/index.php?rest_route=%2Fwp%2Fv2%2Fcategories&post=322403"},{"taxonomy":"post_tag","embeddable":true,"href":"https:\/\/archive.sana.sy\/es\/index.php?rest_route=%2Fwp%2Fv2%2Ftags&post=322403"}],"curies":[{"name":"wp","href":"https:\/\/api.w.org\/{rel}","templated":true}]}}