{"id":322407,"date":"2024-02-16T18:45:48","date_gmt":"2024-02-16T15:45:48","guid":{"rendered":"https:\/\/sana.sy\/es\/?p=322407"},"modified":"2024-02-16T20:10:35","modified_gmt":"2024-02-16T17:10:35","slug":"israel-asesina-a-mas-de-28-700-palestinos-e-hiere-a-otros-68-500-en-133-dias","status":"publish","type":"post","link":"https:\/\/archive.sana.sy\/es\/?p=322407","title":{"rendered":"\u201cIsrael\u201d asesina a m\u00e1s de 28.700 palestinos e hiere a otros 68.500 en 133 d\u00edas"},"content":{"rendered":"<p style=\"text-align: justify;\"><span style=\"color: #800000;\"><strong>Jerusal\u00e9n ocupada, 16 feb (SANA)<\/strong>\u00a0<\/span>El Ministerio palestino de Salud anunci\u00f3 hoy que el n\u00famero de v\u00edctimas de la actual agresi\u00f3n israel\u00ed contra la Franja de Gaza, que ya lleva 133 d\u00edas, aument\u00f3 a m\u00e1s de 28.700 muertos y 68.500 heridos.<\/p>\n<p style=\"text-align: justify;\">La entidad explic\u00f3 en un comunicado que el ocupante contin\u00faa su agresi\u00f3n contra la Franja de Gaza en diversas formas, incluidas ejecuciones sobre el terreno, masacres, genocidio y aniquilaci\u00f3n de barrios residenciales.<\/p>\n<p style=\"text-align: justify;\">Detall\u00f3 que durante las \u00faltimas 24 horas, las fuerzas israel\u00edes cometieron 10 masacres contra familias palestinas enteras, matando a 112 personas e hiriendo a otras 157.<\/p>\n<p style=\"text-align: justify;\">Se\u00f1al\u00f3 que los soldados del ocupante irrumpieron en el edificio administrativo del Complejo M\u00e9dico Nasser en Khan Yunis, al sur de la Franja de Gaza, y obligaron a las mujeres y ni\u00f1os a trasladarse sin equipaje a otro lugar. Asimismo, los francotiradores y los veh\u00edculos israel\u00edes siguen disparando contra todo que se mueve dentro del mencionado complejo.<\/p>\n<p style=\"text-align: justify;\">El ente confirm\u00f3 que el n\u00famero de muertos en el Complejo M\u00e9dico Nasser hab\u00eda aumentado a cinco pacientes desde el amanecer de hoy como resultado de un corte total de energ\u00eda y el cese de sus generadores el\u00e9ctricos y ox\u00edgeno en medio del asedio continuo de las fuerzas israel\u00edes.<\/p>\n<p style=\"text-align: justify;\">Por su parte, la Media Luna Roja palestina anunci\u00f3 que las fuerzas de ocupaci\u00f3n siguen arrestando a 12 miembros de su personal m\u00e9dico, 7 de los cuales fueron arrestados desde el interior del hospital Al-Amal en Khan Yunis.<\/p>\n<p style=\"text-align: justify;\">sm<\/p>\n","protected":false},"excerpt":{"rendered":"<p>Jerusal\u00e9n ocupada, 16 feb (SANA)\u00a0El Ministerio palestino de Salud anunci\u00f3 hoy que el n\u00famero de v\u00edctimas de la actual agresi\u00f3n israel\u00ed contra la Franja de Gaza, que ya lleva 133 d\u00edas, aument\u00f3 a m\u00e1s de 28.700 muertos y 68.500 heridos. La entidad explic\u00f3 en un comunicado que el ocupante contin\u00faa su agresi\u00f3n contra la Franja &hellip;<\/p>\n","protected":false},"author":39,"featured_media":322408,"comment_status":"closed","ping_status":"closed","sticky":false,"template":"","format":"standard","meta":{"footnotes":""},"categories":[597,456,16687,20724,583],"tags":[],"class_list":["post-322407","post","type-post","status-publish","format-standard","has-post-thumbnail","","category-cinta-de-noticias","category-arabe-internacional-politica","category-internacionales","category-minuto-a-minuto","category-slide"],"_links":{"self":[{"href":"https:\/\/archive.sana.sy\/es\/index.php?rest_route=\/wp\/v2\/posts\/322407"}],"collection":[{"href":"https:\/\/archive.sana.sy\/es\/index.php?rest_route=\/wp\/v2\/posts"}],"about":[{"href":"https:\/\/archive.sana.sy\/es\/index.php?rest_route=\/wp\/v2\/types\/post"}],"author":[{"embeddable":true,"href":"https:\/\/archive.sana.sy\/es\/index.php?rest_route=\/wp\/v2\/users\/39"}],"replies":[{"embeddable":true,"href":"https:\/\/archive.sana.sy\/es\/index.php?rest_route=%2Fwp%2Fv2%2Fcomments&post=322407"}],"version-history":[{"count":1,"href":"https:\/\/archive.sana.sy\/es\/index.php?rest_route=\/wp\/v2\/posts\/322407\/revisions"}],"predecessor-version":[{"id":322409,"href":"https:\/\/archive.sana.sy\/es\/index.php?rest_route=\/wp\/v2\/posts\/322407\/revisions\/322409"}],"wp:featuredmedia":[{"embeddable":true,"href":"https:\/\/archive.sana.sy\/es\/index.php?rest_route=\/wp\/v2\/media\/322408"}],"wp:attachment":[{"href":"https:\/\/archive.sana.sy\/es\/index.php?rest_route=%2Fwp%2Fv2%2Fmedia&parent=322407"}],"wp:term":[{"taxonomy":"category","embeddable":true,"href":"https:\/\/archive.sana.sy\/es\/index.php?rest_route=%2Fwp%2Fv2%2Fcategories&post=322407"},{"taxonomy":"post_tag","embeddable":true,"href":"https:\/\/archive.sana.sy\/es\/index.php?rest_route=%2Fwp%2Fv2%2Ftags&post=322407"}],"curies":[{"name":"wp","href":"https:\/\/api.w.org\/{rel}","templated":true}]}}