{"id":322422,"date":"2024-02-16T17:47:01","date_gmt":"2024-02-16T14:47:01","guid":{"rendered":"https:\/\/sana.sy\/es\/?p=322422"},"modified":"2024-02-16T17:47:01","modified_gmt":"2024-02-16T14:47:01","slug":"denuncia-cuba-complicidad-de-eeuu-en-ataques-israelies-a-gaza","status":"publish","type":"post","link":"https:\/\/archive.sana.sy\/es\/?p=322422","title":{"rendered":"Denuncia Cuba complicidad de EEUU en ataques israel\u00edes a Gaza"},"content":{"rendered":"<p style=\"text-align: justify;\"><span style=\"color: #800000;\"><strong>La Habana, 16 feb (SANA)<\/strong><\/span> El presidente de Cuba, Miguel D\u00edaz-Canel, denunci\u00f3 hoy que \u201cIsrael\u201d, con la complicidad de Estados Unidos, es responsable del exterminio del pueblo palestino en la Franja de Gaza.<\/p>\n<p style=\"text-align: justify;\">En la red social X, el mandatario expres\u00f3 que coincide con el pensamiento del l\u00edder hist\u00f3rico de la Revoluci\u00f3n cubana, Fidel Castro, quien expres\u00f3 que \u201cuna nueva y repugnante forma de fascismo est\u00e1 surgiendo con notable fuerza en este momento de la historia\u201d.<\/p>\n<p style=\"text-align: justify;\">Lo vemos todos los d\u00edas en Palestina, subray\u00f3 el presidente en su mensaje, a la vez que reclam\u00f3 el cese de la agresi\u00f3n.<\/p>\n<p style=\"text-align: justify;\">Cuba expondr\u00e1 pr\u00f3ximamente ante la Corte Internacional de Justicia (CIJ) sus argumentos sobre las pr\u00e1cticas y actividades de \u201cIsrael\u201d contra los derechos del pueblo palestino y de otros habitantes \u00e1rabes de los territorios ocupados.<\/p>\n<p style=\"text-align: justify;\">De acuerdo con una declaraci\u00f3n emitida por la viceministra de Relaciones Exteriores, Anayansi Rodr\u00edguez, como parte del proceso solicitado por la Asamblea General de Naciones Unidas el 30 de diciembre de 2022, la isla pidi\u00f3 un pronunciamiento sobre las consecuencias jur\u00eddicas que se derivan de las pr\u00e1cticas y pol\u00edticas israel\u00edes contra el pueblo palestino.<\/p>\n<p style=\"text-align: justify;\">Cuba sostiene, jur\u00eddicamente, que tanto \u201cIsrael\u201d como sus c\u00f3mplices deben ser declarados como responsables del genocidio que durante d\u00e9cadas ha vivido el pueblo palestino, apunt\u00f3.<\/p>\n<p style=\"text-align: justify;\">Seg\u00fan datos del Ministerio de Salud palestino, la cifra de v\u00edctimas de la actual agresi\u00f3n israel\u00ed contra la Franja de Gaza ascendi\u00f3 a m\u00e1s de 28 mil 700 muertos y 68 mil 500 heridos.<\/p>\n<p style=\"text-align: justify;\">Fuente: Prensa Latina<\/p>\n","protected":false},"excerpt":{"rendered":"<p>La Habana, 16 feb (SANA) El presidente de Cuba, Miguel D\u00edaz-Canel, denunci\u00f3 hoy que \u201cIsrael\u201d, con la complicidad de Estados Unidos, es responsable del exterminio del pueblo palestino en la Franja de Gaza. En la red social X, el mandatario expres\u00f3 que coincide con el pensamiento del l\u00edder hist\u00f3rico de la Revoluci\u00f3n cubana, Fidel Castro, &hellip;<\/p>\n","protected":false},"author":39,"featured_media":322423,"comment_status":"closed","ping_status":"closed","sticky":false,"template":"","format":"standard","meta":{"footnotes":""},"categories":[597,456,16687,20724,7541],"tags":[],"class_list":["post-322422","post","type-post","status-publish","format-standard","has-post-thumbnail","","category-cinta-de-noticias","category-arabe-internacional-politica","category-internacionales","category-minuto-a-minuto","category-ultimas-noticias"],"_links":{"self":[{"href":"https:\/\/archive.sana.sy\/es\/index.php?rest_route=\/wp\/v2\/posts\/322422"}],"collection":[{"href":"https:\/\/archive.sana.sy\/es\/index.php?rest_route=\/wp\/v2\/posts"}],"about":[{"href":"https:\/\/archive.sana.sy\/es\/index.php?rest_route=\/wp\/v2\/types\/post"}],"author":[{"embeddable":true,"href":"https:\/\/archive.sana.sy\/es\/index.php?rest_route=\/wp\/v2\/users\/39"}],"replies":[{"embeddable":true,"href":"https:\/\/archive.sana.sy\/es\/index.php?rest_route=%2Fwp%2Fv2%2Fcomments&post=322422"}],"version-history":[{"count":1,"href":"https:\/\/archive.sana.sy\/es\/index.php?rest_route=\/wp\/v2\/posts\/322422\/revisions"}],"predecessor-version":[{"id":322424,"href":"https:\/\/archive.sana.sy\/es\/index.php?rest_route=\/wp\/v2\/posts\/322422\/revisions\/322424"}],"wp:featuredmedia":[{"embeddable":true,"href":"https:\/\/archive.sana.sy\/es\/index.php?rest_route=\/wp\/v2\/media\/322423"}],"wp:attachment":[{"href":"https:\/\/archive.sana.sy\/es\/index.php?rest_route=%2Fwp%2Fv2%2Fmedia&parent=322422"}],"wp:term":[{"taxonomy":"category","embeddable":true,"href":"https:\/\/archive.sana.sy\/es\/index.php?rest_route=%2Fwp%2Fv2%2Fcategories&post=322422"},{"taxonomy":"post_tag","embeddable":true,"href":"https:\/\/archive.sana.sy\/es\/index.php?rest_route=%2Fwp%2Fv2%2Ftags&post=322422"}],"curies":[{"name":"wp","href":"https:\/\/api.w.org\/{rel}","templated":true}]}}