{"id":322427,"date":"2024-02-16T20:21:03","date_gmt":"2024-02-16T17:21:03","guid":{"rendered":"https:\/\/sana.sy\/es\/?p=322427"},"modified":"2024-02-16T20:21:35","modified_gmt":"2024-02-16T17:21:35","slug":"siria-participa-en-el-foro-internacional-para-enfrentar-las-practicas-modernas-del-neocolonialismo-en-celebrado-en-moscu","status":"publish","type":"post","link":"https:\/\/archive.sana.sy\/es\/?p=322427","title":{"rendered":"Siria participa en el foro Internacional para Enfrentar las Pr\u00e1cticas Modernas del Neocolonialismo celebrado en Mosc\u00fa"},"content":{"rendered":"<p style=\"text-align: justify;\"><strong><span style=\"color: #800000;\">Mosc\u00fa, 16 feb (SANA)\u00a0<\/span> <\/strong>Con la participaci\u00f3n de Siria se inaugur\u00f3 hoy el Foro Internacional de Partidarios de Enfrentar las Pr\u00e1cticas Modernas del Neocolonialismo organizado por el Partido Rusia Unida en la capital rusa, Mosc\u00fa, bajo el lema \u201cPor la libertad de las naciones\u201d.<\/p>\n<p style=\"text-align: justify;\">El presidente ruso, Vladimir Putin, dijo en un mensaje dirigido a los participantes en el foro: \u201cEl neocolonialismo es una verg\u00fcenza y un legado vergonzoso de una era que permaneci\u00f3 durante muchos siglos saqueando y explotando a los pueblos de \u00c1frica, Asia y Am\u00e9rica Latina\u201d.<\/p>\n<p style=\"text-align: justify;\">El mandatario del pa\u00eds euroasi\u00e1tico a\u00f1adi\u00f3 que el comportamiento de Occidente hoy evidencia claramente su tendencia agresiva en el marco del neocolonialismo, espec\u00edficamente en sus intentos de ejercer presi\u00f3n econ\u00f3mica sobre otros pa\u00edses para quitarles su soberan\u00eda e imponerles los valores occidentales.<\/p>\n<p style=\"text-align: justify;\">Se\u00f1al\u00f3 que tal pol\u00edtica se ha convertido en uno de los principales factores desestabilizadores de las relaciones internacionales y en un obst\u00e1culo para el desarrollo de toda la humanidad.<\/p>\n<p style=\"text-align: justify;\">Putin explic\u00f3 que Rusia ha hecho mucho para socavar los cimientos del sistema colonial, apoyar los movimientos de liberaci\u00f3n nacional y brindar asistencia a los pa\u00edses independientes para garantizar la seguridad, desarrollar la econom\u00eda y resolver problemas sociales y humanitarios.<\/p>\n<p style=\"text-align: justify;\">Asimismo, enfatiz\u00f3 la disposici\u00f3n de su pa\u00eds a unir esfuerzos en la lucha por la verdadera libertad, la justicia y el progreso de todos los pa\u00edses y pueblos para formar un orden mundial pluralista y democr\u00e1tico.<\/p>\n<p style=\"text-align: justify;\">Por su parte, el ministro ruso de Relaciones Exteriores, Serguei Lavrov, subray\u00f3 que el sistema de explotaci\u00f3n representado por las pr\u00e1cticas neocoloniales no puede justificarse y que una alternativa constructiva es la formaci\u00f3n de un sistema multipolar de relaciones internacionales m\u00e1s justo y sostenible sobre la base de la Carta de las Naciones Unidas y el principio de igualdad soberana entre los Estados.<\/p>\n<p style=\"text-align: justify;\">A su vez, el representante del Partido \u00c1rabe Socialista Baath, Mahdi Dakhlallah, explic\u00f3 en su discurso ante el mencionado foro que el peligroso acontecimiento se produjo en la naturaleza del neocolonialismo en varios niveles, incluida la restauraci\u00f3n de viejos m\u00e9todos coloniales como las guerras y la ocupaci\u00f3n, el uso de terrorismo, pr\u00e1cticas y conceptos para eliminar la estructura de valores culturales de la humanidad.<\/p>\n<p style=\"text-align: justify;\">El titular sirio indic\u00f3 que el neocolonialismo utiliza todos estos m\u00e9todos combinados seg\u00fan las regiones, ya que en Siria, Eurasia y Palestina, el neocolonialismo y el viejo colonialismo se encuentran juntos, y el nuevo liberalismo es un peligro que amenaza a toda la humanidad.<\/p>\n<p style=\"text-align: justify;\">Subray\u00f3 que Siria desempe\u00f1a un papel pionero desde hace 12 a\u00f1os en la lucha contra la maquinaria de la OTAN y sus afiliados al terrorismo mercenario, la guerra econ\u00f3mica y diplom\u00e1tica, la ocupaci\u00f3n y el robo de sus riquezas, mientras que Rusia se enfrenta a la expansi\u00f3n de la OTAN y sus herramientas de neonazismo. Tambi\u00e9n estamos siendo testigos del hero\u00edsmo del pueblo palestino al enfrentar al sionismo como el peor tipo de neocolonialismo.<\/p>\n<p style=\"text-align: justify;\">En el evento participaron 400 representantes de partidos pol\u00edticos de m\u00e1s de cincuenta pa\u00edses de Asia, \u00c1frica, Am\u00e9rica Latina, Oriente Medio, Europa y los pa\u00edses de la CEI.<\/p>\n<div id='gallery-1' class='gallery galleryid-322427 gallery-columns-1 gallery-size-full'><figure class='gallery-item'>\n\t\t\t<div class='gallery-icon landscape'>\n\t\t\t\t<a href='https:\/\/archive.sana.sy\/es\/?attachment_id=322430'><img loading=\"lazy\" decoding=\"async\" width=\"660\" height=\"446\" src=\"https:\/\/archive.sana.sy\/es\/wp-content\/uploads\/2024\/02\/Siria-participa-en-el-foro-Internacional-para-Enfrentar-las-Practicas-Modernas-del-Neocolonialismo-en-celebrado-en-Moscu0-1.jpeg\" class=\"attachment-full size-full\" alt=\"\" srcset=\"https:\/\/archive.sana.sy\/es\/wp-content\/uploads\/2024\/02\/Siria-participa-en-el-foro-Internacional-para-Enfrentar-las-Practicas-Modernas-del-Neocolonialismo-en-celebrado-en-Moscu0-1.jpeg 660w, https:\/\/archive.sana.sy\/es\/wp-content\/uploads\/2024\/02\/Siria-participa-en-el-foro-Internacional-para-Enfrentar-las-Practicas-Modernas-del-Neocolonialismo-en-celebrado-en-Moscu0-1-300x203.jpeg 300w, https:\/\/archive.sana.sy\/es\/wp-content\/uploads\/2024\/02\/Siria-participa-en-el-foro-Internacional-para-Enfrentar-las-Practicas-Modernas-del-Neocolonialismo-en-celebrado-en-Moscu0-1-150x101.jpeg 150w, https:\/\/archive.sana.sy\/es\/wp-content\/uploads\/2024\/02\/Siria-participa-en-el-foro-Internacional-para-Enfrentar-las-Practicas-Modernas-del-Neocolonialismo-en-celebrado-en-Moscu0-1-110x75.jpeg 110w\" sizes=\"(max-width: 660px) 100vw, 660px\" \/><\/a>\n\t\t\t<\/div><\/figure><figure class='gallery-item'>\n\t\t\t<div class='gallery-icon landscape'>\n\t\t\t\t<a href='https:\/\/archive.sana.sy\/es\/?attachment_id=322431'><img loading=\"lazy\" decoding=\"async\" width=\"660\" height=\"411\" src=\"https:\/\/archive.sana.sy\/es\/wp-content\/uploads\/2024\/02\/Siria-participa-en-el-foro-Internacional-para-Enfrentar-las-Practicas-Modernas-del-Neocolonialismo-en-celebrado-en-Moscu2.jpeg\" class=\"attachment-full size-full\" alt=\"\" srcset=\"https:\/\/archive.sana.sy\/es\/wp-content\/uploads\/2024\/02\/Siria-participa-en-el-foro-Internacional-para-Enfrentar-las-Practicas-Modernas-del-Neocolonialismo-en-celebrado-en-Moscu2.jpeg 660w, https:\/\/archive.sana.sy\/es\/wp-content\/uploads\/2024\/02\/Siria-participa-en-el-foro-Internacional-para-Enfrentar-las-Practicas-Modernas-del-Neocolonialismo-en-celebrado-en-Moscu2-300x187.jpeg 300w, https:\/\/archive.sana.sy\/es\/wp-content\/uploads\/2024\/02\/Siria-participa-en-el-foro-Internacional-para-Enfrentar-las-Practicas-Modernas-del-Neocolonialismo-en-celebrado-en-Moscu2-150x93.jpeg 150w\" sizes=\"(max-width: 660px) 100vw, 660px\" \/><\/a>\n\t\t\t<\/div><\/figure>\n\t\t<\/div>\n\n<p style=\"text-align: justify;\">sm<\/p>\n","protected":false},"excerpt":{"rendered":"<p>Mosc\u00fa, 16 feb (SANA)\u00a0 Con la participaci\u00f3n de Siria se inaugur\u00f3 hoy el Foro Internacional de Partidarios de Enfrentar las Pr\u00e1cticas Modernas del Neocolonialismo organizado por el Partido Rusia Unida en la capital rusa, Mosc\u00fa, bajo el lema \u201cPor la libertad de las naciones\u201d. El presidente ruso, Vladimir Putin, dijo en un mensaje dirigido a &hellip;<\/p>\n","protected":false},"author":39,"featured_media":322428,"comment_status":"closed","ping_status":"closed","sticky":false,"template":"","format":"standard","meta":{"footnotes":""},"categories":[597,456,16687,20724,7541],"tags":[],"class_list":["post-322427","post","type-post","status-publish","format-standard","has-post-thumbnail","","category-cinta-de-noticias","category-arabe-internacional-politica","category-internacionales","category-minuto-a-minuto","category-ultimas-noticias"],"_links":{"self":[{"href":"https:\/\/archive.sana.sy\/es\/index.php?rest_route=\/wp\/v2\/posts\/322427"}],"collection":[{"href":"https:\/\/archive.sana.sy\/es\/index.php?rest_route=\/wp\/v2\/posts"}],"about":[{"href":"https:\/\/archive.sana.sy\/es\/index.php?rest_route=\/wp\/v2\/types\/post"}],"author":[{"embeddable":true,"href":"https:\/\/archive.sana.sy\/es\/index.php?rest_route=\/wp\/v2\/users\/39"}],"replies":[{"embeddable":true,"href":"https:\/\/archive.sana.sy\/es\/index.php?rest_route=%2Fwp%2Fv2%2Fcomments&post=322427"}],"version-history":[{"count":3,"href":"https:\/\/archive.sana.sy\/es\/index.php?rest_route=\/wp\/v2\/posts\/322427\/revisions"}],"predecessor-version":[{"id":322434,"href":"https:\/\/archive.sana.sy\/es\/index.php?rest_route=\/wp\/v2\/posts\/322427\/revisions\/322434"}],"wp:featuredmedia":[{"embeddable":true,"href":"https:\/\/archive.sana.sy\/es\/index.php?rest_route=\/wp\/v2\/media\/322428"}],"wp:attachment":[{"href":"https:\/\/archive.sana.sy\/es\/index.php?rest_route=%2Fwp%2Fv2%2Fmedia&parent=322427"}],"wp:term":[{"taxonomy":"category","embeddable":true,"href":"https:\/\/archive.sana.sy\/es\/index.php?rest_route=%2Fwp%2Fv2%2Fcategories&post=322427"},{"taxonomy":"post_tag","embeddable":true,"href":"https:\/\/archive.sana.sy\/es\/index.php?rest_route=%2Fwp%2Fv2%2Ftags&post=322427"}],"curies":[{"name":"wp","href":"https:\/\/api.w.org\/{rel}","templated":true}]}}