{"id":322532,"date":"2024-02-18T15:40:38","date_gmt":"2024-02-18T12:40:38","guid":{"rendered":"https:\/\/sana.sy\/es\/?p=322532"},"modified":"2024-02-18T18:54:09","modified_gmt":"2024-02-18T15:54:09","slug":"el-minuto-a-minuto-del-dia-135-de-la-agresion-israeli-a-gaza","status":"publish","type":"post","link":"https:\/\/archive.sana.sy\/es\/?p=322532","title":{"rendered":"El minuto a minuto del d\u00eda 135 de la agresi\u00f3n israel\u00ed a Gaza"},"content":{"rendered":"<p style=\"text-align: justify;\"><span style=\"color: #800000;\"><strong>Jerusal\u00e9n ocupada, 18 feb (SANA)<\/strong><\/span> <strong>A continuaci\u00f3n, los desarrollos m\u00e1s relevantes sobre la agresi\u00f3n israel\u00ed contra la Franja de Gaza:<\/strong><\/p>\n<p>???????? Siete palestinos muertos y otros resultaron heridos en bombardeo a\u00e9reo israel\u00ed contra una vivienda en el barrio de Sheikh Radwan, en el centro de Gaza<\/p>\n<p style=\"text-align: justify;\">???????? Medios palestinos reportan la muerte de cinco personas y lesiones a otros en un bombardeo israel\u00ed contra varias viviendas en el sur de la ciudad de Gaza<\/p>\n<p style=\"text-align: justify;\">???????? Siete muertos, entre ellos tres ni\u00f1os, por bombardeo israel\u00ed contra la zona de Al-Brook en Deir Al-Balah en el centro de la Franja de Gaza<\/p>\n<p style=\"text-align: justify;\">???????? Ministerio de Salud palestino: Durante las \u00faltimas 24 horas, &#8220;Israel&#8221; cometi\u00f3 13 masacres en Gaza, matando a 127 palestinos y causando heridas a otros 205, lo que eleva el n\u00famero de v\u00edctimas desde el comienzo de la ofensiva israel\u00ed a 28.985 muertos y 68.883 lesionados<\/p>\n<p>???????? <a href=\"https:\/\/www.sanasyria.org\/es\/?p=322535\">127 muertos por los bombardeos israel\u00edes en Gaza durante las \u00faltimas 24 horas<\/a><\/p>\n<p>???????? <a href=\"https:\/\/www.sanasyria.org\/es\/?p=322523\">44 muertos palestinos en ataques a\u00e9reos israel\u00edes contra el centro de Gaza<\/a><\/p>\n","protected":false},"excerpt":{"rendered":"<p>Jerusal\u00e9n ocupada, 18 feb (SANA) A continuaci\u00f3n, los desarrollos m\u00e1s relevantes sobre la agresi\u00f3n israel\u00ed contra la Franja de Gaza: ???????? Siete palestinos muertos y otros resultaron heridos en bombardeo a\u00e9reo israel\u00ed contra una vivienda en el barrio de Sheikh Radwan, en el centro de Gaza ???????? Medios palestinos reportan la muerte de cinco personas &hellip;<\/p>\n","protected":false},"author":42,"featured_media":322533,"comment_status":"closed","ping_status":"closed","sticky":false,"template":"","format":"standard","meta":{"footnotes":""},"categories":[597,456,16687,20724,583],"tags":[],"class_list":["post-322532","post","type-post","status-publish","format-standard","has-post-thumbnail","","category-cinta-de-noticias","category-arabe-internacional-politica","category-internacionales","category-minuto-a-minuto","category-slide"],"_links":{"self":[{"href":"https:\/\/archive.sana.sy\/es\/index.php?rest_route=\/wp\/v2\/posts\/322532"}],"collection":[{"href":"https:\/\/archive.sana.sy\/es\/index.php?rest_route=\/wp\/v2\/posts"}],"about":[{"href":"https:\/\/archive.sana.sy\/es\/index.php?rest_route=\/wp\/v2\/types\/post"}],"author":[{"embeddable":true,"href":"https:\/\/archive.sana.sy\/es\/index.php?rest_route=\/wp\/v2\/users\/42"}],"replies":[{"embeddable":true,"href":"https:\/\/archive.sana.sy\/es\/index.php?rest_route=%2Fwp%2Fv2%2Fcomments&post=322532"}],"version-history":[{"count":5,"href":"https:\/\/archive.sana.sy\/es\/index.php?rest_route=\/wp\/v2\/posts\/322532\/revisions"}],"predecessor-version":[{"id":322556,"href":"https:\/\/archive.sana.sy\/es\/index.php?rest_route=\/wp\/v2\/posts\/322532\/revisions\/322556"}],"wp:featuredmedia":[{"embeddable":true,"href":"https:\/\/archive.sana.sy\/es\/index.php?rest_route=\/wp\/v2\/media\/322533"}],"wp:attachment":[{"href":"https:\/\/archive.sana.sy\/es\/index.php?rest_route=%2Fwp%2Fv2%2Fmedia&parent=322532"}],"wp:term":[{"taxonomy":"category","embeddable":true,"href":"https:\/\/archive.sana.sy\/es\/index.php?rest_route=%2Fwp%2Fv2%2Fcategories&post=322532"},{"taxonomy":"post_tag","embeddable":true,"href":"https:\/\/archive.sana.sy\/es\/index.php?rest_route=%2Fwp%2Fv2%2Ftags&post=322532"}],"curies":[{"name":"wp","href":"https:\/\/api.w.org\/{rel}","templated":true}]}}