{"id":322542,"date":"2024-02-18T17:13:47","date_gmt":"2024-02-18T14:13:47","guid":{"rendered":"https:\/\/sana.sy\/es\/?p=322542"},"modified":"2024-02-18T19:27:42","modified_gmt":"2024-02-18T16:27:42","slug":"siria-y-la-india-repasan-vias-para-fortalecer-las-relaciones-bilaterales","status":"publish","type":"post","link":"https:\/\/archive.sana.sy\/es\/?p=322542","title":{"rendered":"Siria y La India repasan v\u00edas para fortalecer las relaciones bilaterales"},"content":{"rendered":"<p style=\"text-align: justify;\"><span style=\"color: #800000;\"><strong>Damasco, 18 feb (SANA)\u00a0 <\/strong><\/span>El primer ministro Hussein Arnous, examin\u00f3 hoy con el embajador indio en Damasco, Irshad Ahmad, las v\u00edas para fortalecer las relaciones bilaterales en varios campos.<\/p>\n<p style=\"text-align: justify;\">Arnous destac\u00f3 el inter\u00e9s del gobierno sirio en desarrollar la cooperaci\u00f3n entre los dos pa\u00edses en el campo de la educaci\u00f3n superior, salud, tecnolog\u00eda de informaci\u00f3n, agricultura y el intercambio comercial, adem\u00e1s de ampliar las actividades conjuntas entre empresas sirias e indias y establecer proyectos de inversi\u00f3n conjuntas en beneficio de los dos lados.<\/p>\n<p style=\"text-align: justify;\">Asimismo, se\u00f1al\u00f3 la importancia de activar la labor de la Comisi\u00f3n Conjunta Siria-India para abrir nuevos horizontes de cooperaci\u00f3n.<\/p>\n<p style=\"text-align: justify;\">Expres\u00f3 su gratitud al gobierno y al pueblo indios por apoyar a Siria en su guerra contra el terrorismo y por la asistencia humanitaria que brind\u00f3 a los afectados por el terremoto que azot\u00f3 Siria en febrero de 2023.<\/p>\n<p style=\"text-align: justify;\">Por su parte, el embajador indio manifest\u00f3 el orgullo de su pa\u00eds por las relaciones hist\u00f3ricas con Siria y reiter\u00f3 la firme solidaridad de la India con Siria.<\/p>\n<p style=\"text-align: justify;\">Se\u00f1alando la disposici\u00f3n de Nueva Delhi a aumentar el n\u00famero de las becas ofrecidas a los estudiantes sirios en las universidades indias y a proporcionar medicamentos contra el c\u00e1ncer al sector sanitario, sin dejar de prestar apoyo a los afectados por el terremoto.<\/p>\n<p style=\"text-align: justify;\">as\/rr<\/p>\n","protected":false},"excerpt":{"rendered":"<p>Damasco, 18 feb (SANA)\u00a0 El primer ministro Hussein Arnous, examin\u00f3 hoy con el embajador indio en Damasco, Irshad Ahmad, las v\u00edas para fortalecer las relaciones bilaterales en varios campos. Arnous destac\u00f3 el inter\u00e9s del gobierno sirio en desarrollar la cooperaci\u00f3n entre los dos pa\u00edses en el campo de la educaci\u00f3n superior, salud, tecnolog\u00eda de informaci\u00f3n, &hellip;<\/p>\n","protected":false},"author":31,"featured_media":322543,"comment_status":"closed","ping_status":"closed","sticky":false,"template":"","format":"standard","meta":{"footnotes":""},"categories":[597,467,583],"tags":[11094,6553],"class_list":["post-322542","post","type-post","status-publish","format-standard","has-post-thumbnail","","category-cinta-de-noticias","category-siria-y-el-mundo","category-slide","tag-india","tag-siria"],"_links":{"self":[{"href":"https:\/\/archive.sana.sy\/es\/index.php?rest_route=\/wp\/v2\/posts\/322542"}],"collection":[{"href":"https:\/\/archive.sana.sy\/es\/index.php?rest_route=\/wp\/v2\/posts"}],"about":[{"href":"https:\/\/archive.sana.sy\/es\/index.php?rest_route=\/wp\/v2\/types\/post"}],"author":[{"embeddable":true,"href":"https:\/\/archive.sana.sy\/es\/index.php?rest_route=\/wp\/v2\/users\/31"}],"replies":[{"embeddable":true,"href":"https:\/\/archive.sana.sy\/es\/index.php?rest_route=%2Fwp%2Fv2%2Fcomments&post=322542"}],"version-history":[{"count":3,"href":"https:\/\/archive.sana.sy\/es\/index.php?rest_route=\/wp\/v2\/posts\/322542\/revisions"}],"predecessor-version":[{"id":322546,"href":"https:\/\/archive.sana.sy\/es\/index.php?rest_route=\/wp\/v2\/posts\/322542\/revisions\/322546"}],"wp:featuredmedia":[{"embeddable":true,"href":"https:\/\/archive.sana.sy\/es\/index.php?rest_route=\/wp\/v2\/media\/322543"}],"wp:attachment":[{"href":"https:\/\/archive.sana.sy\/es\/index.php?rest_route=%2Fwp%2Fv2%2Fmedia&parent=322542"}],"wp:term":[{"taxonomy":"category","embeddable":true,"href":"https:\/\/archive.sana.sy\/es\/index.php?rest_route=%2Fwp%2Fv2%2Fcategories&post=322542"},{"taxonomy":"post_tag","embeddable":true,"href":"https:\/\/archive.sana.sy\/es\/index.php?rest_route=%2Fwp%2Fv2%2Ftags&post=322542"}],"curies":[{"name":"wp","href":"https:\/\/api.w.org\/{rel}","templated":true}]}}