{"id":322590,"date":"2024-02-19T12:45:09","date_gmt":"2024-02-19T09:45:09","guid":{"rendered":"https:\/\/sana.sy\/es\/?p=322590"},"modified":"2024-02-19T12:45:58","modified_gmt":"2024-02-19T09:45:58","slug":"casi-30-mil-muertos-palestinos-por-los-ataques-israelies-contra-gaza","status":"publish","type":"post","link":"https:\/\/archive.sana.sy\/es\/?p=322590","title":{"rendered":"Casi 30 mil\u00a0muertos palestinos por los ataques israel\u00edes contra\u00a0Gaza"},"content":{"rendered":"<p style=\"text-align: justify;\"><span style=\"color: #800000;\"><strong>Jerusal\u00e9n ocupada, 19 feb (SANA)<\/strong><\/span>\u00a0 \u00a0La cifra de muertos palestinos por los ataques brutales de \u201cIsrael\u201d contra la Franja de Gaza desde el 7 de octubre aument\u00f3 a 28.985 y 68,883 heridos, seg\u00fan anunci\u00f3 el Ministerio de Salud palestino.<\/p>\n<p style=\"text-align: justify;\">La agencia de noticias WAFA inform\u00f3 que por 136\u00ba d\u00eda consecutivo, el ej\u00e9rcito israel\u00ed persiste en su agresi\u00f3n contra el enclave costero donde en las \u00faltimas horas varias viviendas palestinas fueron blancos de bombardeos a\u00e9reos sionistas en los barrios de Al-Zaytoun y Al-Rimal en Gaza, lo que provoc\u00f3 varios muertos y heridos entre los palestinos.<\/p>\n<p style=\"text-align: justify;\">En esa l\u00ednea, las fuerzas israel\u00edes arreciaron sus ataques contra la ciudad de Rafah, el \u00fanico refugio para cientos de miles de desplazados, al mismo tiempo en que los buques de guerra israel\u00edes dispararon proyectiles cerca de las tiendas de campa\u00f1a de los palestinos, dejando lesiones entre ellos.<\/p>\n<p style=\"text-align: justify;\">En la ciudad sure\u00f1a de Jan Yunis, los militares israel\u00edes contin\u00faan sus actos atroces\u00a0 dentro de un Complejo M\u00e9dico en medio de intensos disparos contra cualquier que se mueve de personal m\u00e9dico y pacientes.<\/p>\n<p style=\"text-align: justify;\">La artiller\u00eda de ocupaci\u00f3n tambi\u00e9n bombarde\u00f3 las proximidades del hospital Al-Amal en la referida ciudad, mientras que los veh\u00edculos militares del ocupante penetraron en las proximidades de un hospital en la zona de Abasan, al este de la ciudad.<\/p>\n<p style=\"text-align: justify;\"><strong>ws\/fm<\/strong><\/p>\n","protected":false},"excerpt":{"rendered":"<p>Jerusal\u00e9n ocupada, 19 feb (SANA)\u00a0 \u00a0La cifra de muertos palestinos por los ataques brutales de \u201cIsrael\u201d contra la Franja de Gaza desde el 7 de octubre aument\u00f3 a 28.985 y 68,883 heridos, seg\u00fan anunci\u00f3 el Ministerio de Salud palestino. La agencia de noticias WAFA inform\u00f3 que por 136\u00ba d\u00eda consecutivo, el ej\u00e9rcito israel\u00ed persiste en &hellip;<\/p>\n","protected":false},"author":35,"featured_media":322591,"comment_status":"closed","ping_status":"closed","sticky":false,"template":"","format":"standard","meta":{"footnotes":""},"categories":[597,456,16687,20724,7541],"tags":[],"class_list":["post-322590","post","type-post","status-publish","format-standard","has-post-thumbnail","","category-cinta-de-noticias","category-arabe-internacional-politica","category-internacionales","category-minuto-a-minuto","category-ultimas-noticias"],"_links":{"self":[{"href":"https:\/\/archive.sana.sy\/es\/index.php?rest_route=\/wp\/v2\/posts\/322590"}],"collection":[{"href":"https:\/\/archive.sana.sy\/es\/index.php?rest_route=\/wp\/v2\/posts"}],"about":[{"href":"https:\/\/archive.sana.sy\/es\/index.php?rest_route=\/wp\/v2\/types\/post"}],"author":[{"embeddable":true,"href":"https:\/\/archive.sana.sy\/es\/index.php?rest_route=\/wp\/v2\/users\/35"}],"replies":[{"embeddable":true,"href":"https:\/\/archive.sana.sy\/es\/index.php?rest_route=%2Fwp%2Fv2%2Fcomments&post=322590"}],"version-history":[{"count":2,"href":"https:\/\/archive.sana.sy\/es\/index.php?rest_route=\/wp\/v2\/posts\/322590\/revisions"}],"predecessor-version":[{"id":322593,"href":"https:\/\/archive.sana.sy\/es\/index.php?rest_route=\/wp\/v2\/posts\/322590\/revisions\/322593"}],"wp:featuredmedia":[{"embeddable":true,"href":"https:\/\/archive.sana.sy\/es\/index.php?rest_route=\/wp\/v2\/media\/322591"}],"wp:attachment":[{"href":"https:\/\/archive.sana.sy\/es\/index.php?rest_route=%2Fwp%2Fv2%2Fmedia&parent=322590"}],"wp:term":[{"taxonomy":"category","embeddable":true,"href":"https:\/\/archive.sana.sy\/es\/index.php?rest_route=%2Fwp%2Fv2%2Fcategories&post=322590"},{"taxonomy":"post_tag","embeddable":true,"href":"https:\/\/archive.sana.sy\/es\/index.php?rest_route=%2Fwp%2Fv2%2Ftags&post=322590"}],"curies":[{"name":"wp","href":"https:\/\/api.w.org\/{rel}","templated":true}]}}