{"id":322596,"date":"2024-02-19T13:34:28","date_gmt":"2024-02-19T10:34:28","guid":{"rendered":"https:\/\/sana.sy\/es\/?p=322596"},"modified":"2024-02-19T13:39:38","modified_gmt":"2024-02-19T10:39:38","slug":"%f0%9f%94%b8-el-numero-total-de-victimas-de-la-actual-agresion-de-ocupacion-israeli-en-la-franja-de-gaza-durante-136-dias-ha-aumentado-a-29-092-muertos-y-69-028-heridos","status":"publish","type":"post","link":"https:\/\/archive.sana.sy\/es\/?p=322596","title":{"rendered":"???? El n\u00famero total de v\u00edctimas de la actual agresi\u00f3n de ocupaci\u00f3n israel\u00ed en la Franja de Gaza durante 136 d\u00edas ha aumentado a 29.092 muertos y 69.028 heridos."},"content":{"rendered":"","protected":false},"excerpt":{"rendered":"","protected":false},"author":32,"featured_media":0,"comment_status":"closed","ping_status":"closed","sticky":false,"template":"","format":"standard","meta":{"footnotes":""},"categories":[20724],"tags":[],"class_list":["post-322596","post","type-post","status-publish","format-standard","","category-minuto-a-minuto"],"_links":{"self":[{"href":"https:\/\/archive.sana.sy\/es\/index.php?rest_route=\/wp\/v2\/posts\/322596"}],"collection":[{"href":"https:\/\/archive.sana.sy\/es\/index.php?rest_route=\/wp\/v2\/posts"}],"about":[{"href":"https:\/\/archive.sana.sy\/es\/index.php?rest_route=\/wp\/v2\/types\/post"}],"author":[{"embeddable":true,"href":"https:\/\/archive.sana.sy\/es\/index.php?rest_route=\/wp\/v2\/users\/32"}],"replies":[{"embeddable":true,"href":"https:\/\/archive.sana.sy\/es\/index.php?rest_route=%2Fwp%2Fv2%2Fcomments&post=322596"}],"version-history":[{"count":1,"href":"https:\/\/archive.sana.sy\/es\/index.php?rest_route=\/wp\/v2\/posts\/322596\/revisions"}],"predecessor-version":[{"id":322597,"href":"https:\/\/archive.sana.sy\/es\/index.php?rest_route=\/wp\/v2\/posts\/322596\/revisions\/322597"}],"wp:attachment":[{"href":"https:\/\/archive.sana.sy\/es\/index.php?rest_route=%2Fwp%2Fv2%2Fmedia&parent=322596"}],"wp:term":[{"taxonomy":"category","embeddable":true,"href":"https:\/\/archive.sana.sy\/es\/index.php?rest_route=%2Fwp%2Fv2%2Fcategories&post=322596"},{"taxonomy":"post_tag","embeddable":true,"href":"https:\/\/archive.sana.sy\/es\/index.php?rest_route=%2Fwp%2Fv2%2Ftags&post=322596"}],"curies":[{"name":"wp","href":"https:\/\/api.w.org\/{rel}","templated":true}]}}