{"id":322598,"date":"2024-02-19T13:50:56","date_gmt":"2024-02-19T10:50:56","guid":{"rendered":"https:\/\/sana.sy\/es\/?p=322598"},"modified":"2024-02-19T20:21:34","modified_gmt":"2024-02-19T17:21:34","slug":"el-minuto-a-minuto-del-dia-136-de-la-agresion-israeli-a-gaza","status":"publish","type":"post","link":"https:\/\/archive.sana.sy\/es\/?p=322598","title":{"rendered":"El minuto a minuto del d\u00eda 136 de la agresi\u00f3n israel\u00ed a Gaza"},"content":{"rendered":"<p style=\"text-align: justify;\"><span style=\"color: #800000;\"><strong>Jerusal\u00e9n ocupada, 19 feb (SANA)\u00a0<\/strong><\/span><strong> A continuaci\u00f3n, los desarrollos m\u00e1s relevantes del d\u00eda 136 de la agresi\u00f3n israel\u00ed contra la Franja de Gaza:<\/strong><\/p>\n<p style=\"text-align: justify;\">\u26a1\ufe0f La cifra de v\u00edctimas de la actual y brutal agresi\u00f3n israel\u00ed contra la Franja de Gaza por 136 d\u00eda consecutivo asciende a 29.092 muertos y 69.028 heridos.<\/p>\n<p style=\"text-align: justify;\">\u26a1\ufe0f Ministerio palestino de Salud: Durante las \u00faltimas 24 horas, el ocupante israel\u00ed cometi\u00f3 9 masacres en la Franja de Gaza, cobrando la vida de 107 palestinos y causando lesiones a otros 145.<\/p>\n<p style=\"text-align: justify;\">\u26a1\ufe0f Ministro de Exteriores palestino, Riad Al-Maliki, dice ante la Corte Internacional de Justicia, que la ONU reafirm\u00f3 el derecho de los pueblos a la autodeterminaci\u00f3n, y asegur\u00f3 que \u201cIsrael\u201d viol\u00f3 estos derechos mediante el colonialismo y el apartheid.<\/p>\n<p style=\"text-align: justify;\">\u26a1\ufe0f Al-Maliki: El ocupante israel\u00ed est\u00e1 desplazando a los palestinos, robando sus tierras y contin\u00faa la guerra genocida en Gaza, debido a la impunidad ofrecida a los cr\u00edmenes de Israel.<\/p>\n<p style=\"text-align: justify;\">\u26a1\ufe0f El ocupante israel\u00ed admite la muerte de uno de sus soldados durante los enfrentamientos con la Resistencia palestina en el sur de la Franja de Gaza.<\/p>\n<p style=\"text-align: justify;\">\u26a1\ufe0f El ej\u00e9rcito de ocupaci\u00f3n israel\u00ed confirma que el n\u00famero de soldados muertos aument\u00f3 a 574 desde el 7 de octubre del 2023.<\/p>\n<p style=\"text-align: justify;\">\u26a1\ufe0f <a href=\"https:\/\/www.sanasyria.org\/es\/?p=322601\">Al menos 107 palestinos muertos en Gaza en las \u00faltimas 24 horas<\/a><\/p>\n<p style=\"text-align: justify;\">\u26a1\ufe0f <a href=\"https:\/\/sanasyria.org\/es\/?p=322590\">Casi 30 mil muertos palestinos por los ataques israel\u00edes contra Gaza<\/a><\/p>\n<p style=\"text-align: justify;\">\n","protected":false},"excerpt":{"rendered":"<p>Jerusal\u00e9n ocupada, 19 feb (SANA)\u00a0 A continuaci\u00f3n, los desarrollos m\u00e1s relevantes del d\u00eda 136 de la agresi\u00f3n israel\u00ed contra la Franja de Gaza: \u26a1\ufe0f La cifra de v\u00edctimas de la actual y brutal agresi\u00f3n israel\u00ed contra la Franja de Gaza por 136 d\u00eda consecutivo asciende a 29.092 muertos y 69.028 heridos. \u26a1\ufe0f Ministerio palestino de &hellip;<\/p>\n","protected":false},"author":32,"featured_media":322599,"comment_status":"closed","ping_status":"closed","sticky":false,"template":"","format":"standard","meta":{"footnotes":""},"categories":[597,456,20724,583],"tags":[],"class_list":["post-322598","post","type-post","status-publish","format-standard","has-post-thumbnail","","category-cinta-de-noticias","category-arabe-internacional-politica","category-minuto-a-minuto","category-slide"],"_links":{"self":[{"href":"https:\/\/archive.sana.sy\/es\/index.php?rest_route=\/wp\/v2\/posts\/322598"}],"collection":[{"href":"https:\/\/archive.sana.sy\/es\/index.php?rest_route=\/wp\/v2\/posts"}],"about":[{"href":"https:\/\/archive.sana.sy\/es\/index.php?rest_route=\/wp\/v2\/types\/post"}],"author":[{"embeddable":true,"href":"https:\/\/archive.sana.sy\/es\/index.php?rest_route=\/wp\/v2\/users\/32"}],"replies":[{"embeddable":true,"href":"https:\/\/archive.sana.sy\/es\/index.php?rest_route=%2Fwp%2Fv2%2Fcomments&post=322598"}],"version-history":[{"count":5,"href":"https:\/\/archive.sana.sy\/es\/index.php?rest_route=\/wp\/v2\/posts\/322598\/revisions"}],"predecessor-version":[{"id":322635,"href":"https:\/\/archive.sana.sy\/es\/index.php?rest_route=\/wp\/v2\/posts\/322598\/revisions\/322635"}],"wp:featuredmedia":[{"embeddable":true,"href":"https:\/\/archive.sana.sy\/es\/index.php?rest_route=\/wp\/v2\/media\/322599"}],"wp:attachment":[{"href":"https:\/\/archive.sana.sy\/es\/index.php?rest_route=%2Fwp%2Fv2%2Fmedia&parent=322598"}],"wp:term":[{"taxonomy":"category","embeddable":true,"href":"https:\/\/archive.sana.sy\/es\/index.php?rest_route=%2Fwp%2Fv2%2Fcategories&post=322598"},{"taxonomy":"post_tag","embeddable":true,"href":"https:\/\/archive.sana.sy\/es\/index.php?rest_route=%2Fwp%2Fv2%2Ftags&post=322598"}],"curies":[{"name":"wp","href":"https:\/\/api.w.org\/{rel}","templated":true}]}}