{"id":322601,"date":"2024-02-19T14:30:52","date_gmt":"2024-02-19T11:30:52","guid":{"rendered":"https:\/\/sana.sy\/es\/?p=322601"},"modified":"2024-02-19T14:30:52","modified_gmt":"2024-02-19T11:30:52","slug":"al-menos-107-palestinos-muertos-en-gaza-en-las-ultimas-24-horas","status":"publish","type":"post","link":"https:\/\/archive.sana.sy\/es\/?p=322601","title":{"rendered":"Al menos 107 palestinos muertos en Gaza en las \u00faltimas 24 horas"},"content":{"rendered":"<p style=\"text-align: justify;\"><span style=\"color: #800000;\"><strong> Jerusal\u00e9n ocupada, 19 feb (SANA)<\/strong> <\/span>El Ministerio de Salud palestino inform\u00f3 que durante las \u00faltimas 24 horas, el ocupante israel\u00ed cometi\u00f3 9 masacres en Gaza, dejando 107 muertos y 145 heridos.<\/p>\n<p style=\"text-align: justify;\">Al menos 107 personas fallecieron y alrededor de 145 resultaron heridos en las \u00faltimas 24 horas en la Franja de Gaza debido a los recientes bombardeos israel\u00edes contra el enclave palestino, anunci\u00f3 el Ministerio en un comunicado.<\/p>\n<p style=\"text-align: justify;\">La nota revel\u00f3 que el n\u00famero total de v\u00edctimas de la actual agresi\u00f3n de ocupaci\u00f3n israel\u00ed contra Gaza durante 136 d\u00edas ha aumentado a 29.092 muertos y 69.028 heridos.<\/p>\n<p style=\"text-align: justify;\">Mientras tanto, el ej\u00e9rcito de ocupaci\u00f3n israel\u00ed reconoci\u00f3 hoy la muerte de uno de sus militares durante choques con la resistencia palestina lo que aument\u00f3 el n\u00famero de los soldados muertos a 574 desde el 7 de octubre del 2023.<\/p>\n<p style=\"text-align: justify;\">ws\/fm<\/p>\n","protected":false},"excerpt":{"rendered":"<p>Jerusal\u00e9n ocupada, 19 feb (SANA) El Ministerio de Salud palestino inform\u00f3 que durante las \u00faltimas 24 horas, el ocupante israel\u00ed cometi\u00f3 9 masacres en Gaza, dejando 107 muertos y 145 heridos. Al menos 107 personas fallecieron y alrededor de 145 resultaron heridos en las \u00faltimas 24 horas en la Franja de Gaza debido a los &hellip;<\/p>\n","protected":false},"author":32,"featured_media":322602,"comment_status":"closed","ping_status":"closed","sticky":false,"template":"","format":"standard","meta":{"footnotes":""},"categories":[597,456,20724,583],"tags":[],"class_list":["post-322601","post","type-post","status-publish","format-standard","has-post-thumbnail","","category-cinta-de-noticias","category-arabe-internacional-politica","category-minuto-a-minuto","category-slide"],"_links":{"self":[{"href":"https:\/\/archive.sana.sy\/es\/index.php?rest_route=\/wp\/v2\/posts\/322601"}],"collection":[{"href":"https:\/\/archive.sana.sy\/es\/index.php?rest_route=\/wp\/v2\/posts"}],"about":[{"href":"https:\/\/archive.sana.sy\/es\/index.php?rest_route=\/wp\/v2\/types\/post"}],"author":[{"embeddable":true,"href":"https:\/\/archive.sana.sy\/es\/index.php?rest_route=\/wp\/v2\/users\/32"}],"replies":[{"embeddable":true,"href":"https:\/\/archive.sana.sy\/es\/index.php?rest_route=%2Fwp%2Fv2%2Fcomments&post=322601"}],"version-history":[{"count":1,"href":"https:\/\/archive.sana.sy\/es\/index.php?rest_route=\/wp\/v2\/posts\/322601\/revisions"}],"predecessor-version":[{"id":322603,"href":"https:\/\/archive.sana.sy\/es\/index.php?rest_route=\/wp\/v2\/posts\/322601\/revisions\/322603"}],"wp:featuredmedia":[{"embeddable":true,"href":"https:\/\/archive.sana.sy\/es\/index.php?rest_route=\/wp\/v2\/media\/322602"}],"wp:attachment":[{"href":"https:\/\/archive.sana.sy\/es\/index.php?rest_route=%2Fwp%2Fv2%2Fmedia&parent=322601"}],"wp:term":[{"taxonomy":"category","embeddable":true,"href":"https:\/\/archive.sana.sy\/es\/index.php?rest_route=%2Fwp%2Fv2%2Fcategories&post=322601"},{"taxonomy":"post_tag","embeddable":true,"href":"https:\/\/archive.sana.sy\/es\/index.php?rest_route=%2Fwp%2Fv2%2Ftags&post=322601"}],"curies":[{"name":"wp","href":"https:\/\/api.w.org\/{rel}","templated":true}]}}