{"id":322628,"date":"2024-02-19T13:55:34","date_gmt":"2024-02-19T10:55:34","guid":{"rendered":"https:\/\/sana.sy\/es\/?p=322628"},"modified":"2024-02-19T20:05:41","modified_gmt":"2024-02-19T17:05:41","slug":"canciller-ruso-llega-a-cuba-en-visita-oficial","status":"publish","type":"post","link":"https:\/\/archive.sana.sy\/es\/?p=322628","title":{"rendered":"Canciller ruso llega a Cuba en visita oficial"},"content":{"rendered":"<p style=\"text-align: justify;\"><span style=\"color: #800000;\"><strong>La Habana, 19 feb (SANA)\u00a0<\/strong><\/span> El ministro de Asuntos Exteriores de Rusia, Sergu\u00e9i Lavrov, arrib\u00f3 a Cuba, donde se espera que Lavrov se re\u00fana con el presidente cubano, Miguel D\u00edaz-Canel, y con el titular de Exteriores, Bruno Rodr\u00edguez.<\/p>\n<p style=\"text-align: justify;\">El fortalecimiento del di\u00e1logo pol\u00edtico y la ampliaci\u00f3n de los v\u00ednculos en las esferas econ\u00f3mica, comercial, financiera, cient\u00edfica y cultural, ser\u00e1n los temas centrales de las negociaciones, anunci\u00f3 anteriormente la Canciller\u00eda rusa.<\/p>\n<p style=\"text-align: justify;\">Con esta visita a La Habana, Lavrov empieza la gira latinoamericana, que entre el 19 y el 22 de febrero visitar\u00e1 tambi\u00e9n Venezuela y Brasil, donde tomar\u00e1 parte en la reuni\u00f3n de los ministros de Exteriores de los pa\u00edses del G20.<\/p>\n<p style=\"text-align: justify;\">fm\/rr<\/p>\n","protected":false},"excerpt":{"rendered":"<p>La Habana, 19 feb (SANA)\u00a0 El ministro de Asuntos Exteriores de Rusia, Sergu\u00e9i Lavrov, arrib\u00f3 a Cuba, donde se espera que Lavrov se re\u00fana con el presidente cubano, Miguel D\u00edaz-Canel, y con el titular de Exteriores, Bruno Rodr\u00edguez. El fortalecimiento del di\u00e1logo pol\u00edtico y la ampliaci\u00f3n de los v\u00ednculos en las esferas econ\u00f3mica, comercial, financiera, &hellip;<\/p>\n","protected":false},"author":31,"featured_media":322630,"comment_status":"closed","ping_status":"closed","sticky":false,"template":"","format":"standard","meta":{"footnotes":""},"categories":[597,456,16687,7541],"tags":[6868,6695],"class_list":["post-322628","post","type-post","status-publish","format-standard","has-post-thumbnail","","category-cinta-de-noticias","category-arabe-internacional-politica","category-internacionales","category-ultimas-noticias","tag-cuba","tag-rusia"],"_links":{"self":[{"href":"https:\/\/archive.sana.sy\/es\/index.php?rest_route=\/wp\/v2\/posts\/322628"}],"collection":[{"href":"https:\/\/archive.sana.sy\/es\/index.php?rest_route=\/wp\/v2\/posts"}],"about":[{"href":"https:\/\/archive.sana.sy\/es\/index.php?rest_route=\/wp\/v2\/types\/post"}],"author":[{"embeddable":true,"href":"https:\/\/archive.sana.sy\/es\/index.php?rest_route=\/wp\/v2\/users\/31"}],"replies":[{"embeddable":true,"href":"https:\/\/archive.sana.sy\/es\/index.php?rest_route=%2Fwp%2Fv2%2Fcomments&post=322628"}],"version-history":[{"count":1,"href":"https:\/\/archive.sana.sy\/es\/index.php?rest_route=\/wp\/v2\/posts\/322628\/revisions"}],"predecessor-version":[{"id":322631,"href":"https:\/\/archive.sana.sy\/es\/index.php?rest_route=\/wp\/v2\/posts\/322628\/revisions\/322631"}],"wp:featuredmedia":[{"embeddable":true,"href":"https:\/\/archive.sana.sy\/es\/index.php?rest_route=\/wp\/v2\/media\/322630"}],"wp:attachment":[{"href":"https:\/\/archive.sana.sy\/es\/index.php?rest_route=%2Fwp%2Fv2%2Fmedia&parent=322628"}],"wp:term":[{"taxonomy":"category","embeddable":true,"href":"https:\/\/archive.sana.sy\/es\/index.php?rest_route=%2Fwp%2Fv2%2Fcategories&post=322628"},{"taxonomy":"post_tag","embeddable":true,"href":"https:\/\/archive.sana.sy\/es\/index.php?rest_route=%2Fwp%2Fv2%2Ftags&post=322628"}],"curies":[{"name":"wp","href":"https:\/\/api.w.org\/{rel}","templated":true}]}}