{"id":322701,"date":"2024-02-20T17:55:41","date_gmt":"2024-02-20T14:55:41","guid":{"rendered":"https:\/\/sana.sy\/es\/?p=322701"},"modified":"2024-02-20T19:45:47","modified_gmt":"2024-02-20T16:45:47","slug":"resistencia-palestina-inflige-bajas-y-heridos-en-las-filas-del-ocupante-israeli-y-le-destruye-tanques","status":"publish","type":"post","link":"https:\/\/archive.sana.sy\/es\/?p=322701","title":{"rendered":"Resistencia palestina inflige bajas y heridos entre las filas del ocupante israel\u00ed y le destruye tanques"},"content":{"rendered":"<p style=\"text-align: justify\"><span style=\"color: #800000\"><strong>Jerusal\u00e9n ocupada, 20 feb (SANA)<\/strong> <\/span>La Resistencia palestina se enfrent\u00f3 este martes a las fuerzas del ocupante israel\u00ed en la Franja de Gaza, y logr\u00f3 infligir bajas y heridos entre sus filas.<\/p>\n<p style=\"text-align: justify\">En un comunicado, la Resistencia confirm\u00f3 que sus combatientes atacaron \u201ccon un proyectil TPG a seis soldados israel\u00edes, que se encontraban atrincherados en una casa al oeste de la ciudad de Khan Yunis, al sur de la Franja de Gaza, y dejaron muertos o heridos a los mismos\u201d.<\/p>\n<p style=\"text-align: justify\">Explic\u00f3 que hab\u00eda atacado con proyectiles \u201cYassin 105\u201d dos tanques israel\u00edes Merkava en el sur del barrio de Zaytoun en la ciudad de Gaza, y agreg\u00f3 que se observaron varios aviones enemigos transportando a sus muertos y lesionados tras los enfrentamientos.<\/p>\n<p style=\"text-align: justify\">De igual manera, la Resistencia palestina atac\u00f3 con proyectil Tandem un veh\u00edculo de transporte de soldados israelies al sur del barrio &#8220;Al-Zaitoun&#8221; en la ciudad de Gaza.<\/p>\n<p style=\"text-align: justify\">la<\/p>\n","protected":false},"excerpt":{"rendered":"<p>Jerusal\u00e9n ocupada, 20 feb (SANA) La Resistencia palestina se enfrent\u00f3 este martes a las fuerzas del ocupante israel\u00ed en la Franja de Gaza, y logr\u00f3 infligir bajas y heridos entre sus filas. En un comunicado, la Resistencia confirm\u00f3 que sus combatientes atacaron \u201ccon un proyectil TPG a seis soldados israel\u00edes, que se encontraban atrincherados en &hellip;<\/p>\n","protected":false},"author":24,"featured_media":322702,"comment_status":"closed","ping_status":"closed","sticky":false,"template":"","format":"standard","meta":{"footnotes":""},"categories":[597,456,16687,20724,7541],"tags":[],"class_list":["post-322701","post","type-post","status-publish","format-standard","has-post-thumbnail","","category-cinta-de-noticias","category-arabe-internacional-politica","category-internacionales","category-minuto-a-minuto","category-ultimas-noticias"],"_links":{"self":[{"href":"https:\/\/archive.sana.sy\/es\/index.php?rest_route=\/wp\/v2\/posts\/322701"}],"collection":[{"href":"https:\/\/archive.sana.sy\/es\/index.php?rest_route=\/wp\/v2\/posts"}],"about":[{"href":"https:\/\/archive.sana.sy\/es\/index.php?rest_route=\/wp\/v2\/types\/post"}],"author":[{"embeddable":true,"href":"https:\/\/archive.sana.sy\/es\/index.php?rest_route=\/wp\/v2\/users\/24"}],"replies":[{"embeddable":true,"href":"https:\/\/archive.sana.sy\/es\/index.php?rest_route=%2Fwp%2Fv2%2Fcomments&post=322701"}],"version-history":[{"count":4,"href":"https:\/\/archive.sana.sy\/es\/index.php?rest_route=\/wp\/v2\/posts\/322701\/revisions"}],"predecessor-version":[{"id":322731,"href":"https:\/\/archive.sana.sy\/es\/index.php?rest_route=\/wp\/v2\/posts\/322701\/revisions\/322731"}],"wp:featuredmedia":[{"embeddable":true,"href":"https:\/\/archive.sana.sy\/es\/index.php?rest_route=\/wp\/v2\/media\/322702"}],"wp:attachment":[{"href":"https:\/\/archive.sana.sy\/es\/index.php?rest_route=%2Fwp%2Fv2%2Fmedia&parent=322701"}],"wp:term":[{"taxonomy":"category","embeddable":true,"href":"https:\/\/archive.sana.sy\/es\/index.php?rest_route=%2Fwp%2Fv2%2Fcategories&post=322701"},{"taxonomy":"post_tag","embeddable":true,"href":"https:\/\/archive.sana.sy\/es\/index.php?rest_route=%2Fwp%2Fv2%2Ftags&post=322701"}],"curies":[{"name":"wp","href":"https:\/\/api.w.org\/{rel}","templated":true}]}}