{"id":322705,"date":"2024-02-20T18:40:18","date_gmt":"2024-02-20T15:40:18","guid":{"rendered":"https:\/\/sana.sy\/es\/?p=322705"},"modified":"2024-02-20T18:41:13","modified_gmt":"2024-02-20T15:41:13","slug":"maduro-apoya-al-presidente-de-brasil-quien-comparo-los-crimenes-israelies-en-gaza-con-los-de-alemania-nazi","status":"publish","type":"post","link":"https:\/\/archive.sana.sy\/es\/?p=322705","title":{"rendered":"Maduro apoya al presidente de Brasil quien compar\u00f3 los cr\u00edmenes israel\u00edes en Gaza con los de Alemania nazi"},"content":{"rendered":"<p style=\"text-align: justify\"><span style=\"color: #800000\"><strong>Caracas, 20 feb (SANA)<\/strong><\/span> El presidente de Venezuela, Nicol\u00e1s Maduro expres\u00f3 su pleno apoyo a su hom\u00f3logo brasile\u00f1o, Luiz In\u00e1cio Lula da Silva, quien compar\u00f3 las atrocidades que est\u00e1 cometiendo \u201cIsrael\u201d en la Franja de Gaza con los cr\u00edmenes nazies.<\/p>\n<p style=\"text-align: justify\">Durante el programa &#8220;Con Maduro +&#8221;, el mandatario venezolano destac\u00f3 que Hitler fue \u201cun monstruo creado por las \u00e9lites occidentales\u201d, y lament\u00f3 que a pesar de los a\u00f1os la m\u00e1quina de crimen israel\u00ed recibe hoy el mismo apoyo y financiamiento.<\/p>\n<p style=\"text-align: justify\">\u201cLo que est\u00e1n haciendo, como dijo el presidente Lula da Silva en la reuni\u00f3n de la Uni\u00f3n Africana, lo que est\u00e1n haciendo desde el Gobierno israel\u00ed es lo mismo que hizo Hitler contra el pueblo jud\u00edo&#8221;, resalt\u00f3 Maduro.<\/p>\n<p style=\"text-align: justify\">El domingo pasado, y durante una\u00a0rueda de prensa\u00a0celebrada en la 37.\u00aa Cumbre de la Uni\u00f3n Africana, en Etiop\u00eda, Da Silva fustig\u00f3 que lo que est\u00e1 sucediendo en Gaza &#8220;no es una guerra entre soldados y soldados&#8221;, sino\u00a0&#8220;una guerra entre un\u00a0Ej\u00e9rcito altamente preparado y mujeres y ni\u00f1os&#8221;.<\/p>\n<p style=\"text-align: justify\">Asimismo\u00a0compar\u00f3 la guerra genocida de \u201cIsrael\u201d en la Franja asediada con las barbaridades de Hitler contra los jud\u00edos.<\/p>\n","protected":false},"excerpt":{"rendered":"<p>Caracas, 20 feb (SANA) El presidente de Venezuela, Nicol\u00e1s Maduro expres\u00f3 su pleno apoyo a su hom\u00f3logo brasile\u00f1o, Luiz In\u00e1cio Lula da Silva, quien compar\u00f3 las atrocidades que est\u00e1 cometiendo \u201cIsrael\u201d en la Franja de Gaza con los cr\u00edmenes nazies. Durante el programa &#8220;Con Maduro +&#8221;, el mandatario venezolano destac\u00f3 que Hitler fue \u201cun monstruo &hellip;<\/p>\n","protected":false},"author":24,"featured_media":322706,"comment_status":"closed","ping_status":"closed","sticky":false,"template":"","format":"standard","meta":{"footnotes":""},"categories":[597,456,16687,20724,7541],"tags":[],"class_list":["post-322705","post","type-post","status-publish","format-standard","has-post-thumbnail","","category-cinta-de-noticias","category-arabe-internacional-politica","category-internacionales","category-minuto-a-minuto","category-ultimas-noticias"],"_links":{"self":[{"href":"https:\/\/archive.sana.sy\/es\/index.php?rest_route=\/wp\/v2\/posts\/322705"}],"collection":[{"href":"https:\/\/archive.sana.sy\/es\/index.php?rest_route=\/wp\/v2\/posts"}],"about":[{"href":"https:\/\/archive.sana.sy\/es\/index.php?rest_route=\/wp\/v2\/types\/post"}],"author":[{"embeddable":true,"href":"https:\/\/archive.sana.sy\/es\/index.php?rest_route=\/wp\/v2\/users\/24"}],"replies":[{"embeddable":true,"href":"https:\/\/archive.sana.sy\/es\/index.php?rest_route=%2Fwp%2Fv2%2Fcomments&post=322705"}],"version-history":[{"count":2,"href":"https:\/\/archive.sana.sy\/es\/index.php?rest_route=\/wp\/v2\/posts\/322705\/revisions"}],"predecessor-version":[{"id":322708,"href":"https:\/\/archive.sana.sy\/es\/index.php?rest_route=\/wp\/v2\/posts\/322705\/revisions\/322708"}],"wp:featuredmedia":[{"embeddable":true,"href":"https:\/\/archive.sana.sy\/es\/index.php?rest_route=\/wp\/v2\/media\/322706"}],"wp:attachment":[{"href":"https:\/\/archive.sana.sy\/es\/index.php?rest_route=%2Fwp%2Fv2%2Fmedia&parent=322705"}],"wp:term":[{"taxonomy":"category","embeddable":true,"href":"https:\/\/archive.sana.sy\/es\/index.php?rest_route=%2Fwp%2Fv2%2Fcategories&post=322705"},{"taxonomy":"post_tag","embeddable":true,"href":"https:\/\/archive.sana.sy\/es\/index.php?rest_route=%2Fwp%2Fv2%2Ftags&post=322705"}],"curies":[{"name":"wp","href":"https:\/\/api.w.org\/{rel}","templated":true}]}}