{"id":322750,"date":"2024-02-21T08:47:46","date_gmt":"2024-02-21T05:47:46","guid":{"rendered":"https:\/\/sana.sy\/es\/?p=322750"},"modified":"2024-02-21T08:47:46","modified_gmt":"2024-02-21T05:47:46","slug":"estaras-siempre-en-el-lado-correcto-de-la-historia-presidente-se-solidariza-con-lula","status":"publish","type":"post","link":"https:\/\/archive.sana.sy\/es\/?p=322750","title":{"rendered":"Estar\u00e1s siempre en el lado correcto de la historia, presidente se solidariza con Lula"},"content":{"rendered":"<p style=\"text-align: justify;\"><span style=\"color: #800000;\"><strong>La Habana, 21 feb (SANA)<\/strong> <\/span>El Gobierno de Cuba expres\u00f3 su solidaridad con el presidente brasile\u00f1o, Luiz In\u00e1cio Lula da Silva, quien fue declarado &#8220;persona non grata&#8221; por el Estado de Israel tras denunciar el &#8220;genocidio&#8221; de la poblaci\u00f3n palestina en la Franja de Gaza.<\/p>\n<p style=\"text-align: justify;\">&#8220;Toda nuestra solidaridad para el querido hermano Lula, presidente de Brasil, declarado persona non grata en Israel por su denuncia sincera del exterminio de poblaci\u00f3n palestina en Gaza.<\/p>\n<p style=\"text-align: justify;\">Aplaudimos y admiramos tu valent\u00eda. Estar\u00e1s siempre en el lado correcto de la historia&#8221;, reza un post en X del mandatario del pa\u00eds caribe\u00f1o, Miguel D\u00edaz-Canel.<\/p>\n<p style=\"text-align: justify;\">En una l\u00ednea semejante, se pronunci\u00f3 el presidente colombiano, Gustavo Petro, quien asegur\u00f3 que su hom\u00f3logo brasile\u00f1o &#8220;solo ha dicho la verdad&#8221;, pues &#8220;en Gaza hay un genocidio y se asesina cobardemente a miles de ni\u00f1os, mujeres y ancianos civiles&#8221;.<\/p>\n<p style=\"text-align: justify;\">fm\/as<\/p>\n","protected":false},"excerpt":{"rendered":"<p>La Habana, 21 feb (SANA) El Gobierno de Cuba expres\u00f3 su solidaridad con el presidente brasile\u00f1o, Luiz In\u00e1cio Lula da Silva, quien fue declarado &#8220;persona non grata&#8221; por el Estado de Israel tras denunciar el &#8220;genocidio&#8221; de la poblaci\u00f3n palestina en la Franja de Gaza. &#8220;Toda nuestra solidaridad para el querido hermano Lula, presidente de &hellip;<\/p>\n","protected":false},"author":42,"featured_media":322751,"comment_status":"closed","ping_status":"closed","sticky":false,"template":"","format":"standard","meta":{"footnotes":""},"categories":[597,456,16687,20724,7541],"tags":[],"class_list":["post-322750","post","type-post","status-publish","format-standard","has-post-thumbnail","","category-cinta-de-noticias","category-arabe-internacional-politica","category-internacionales","category-minuto-a-minuto","category-ultimas-noticias"],"_links":{"self":[{"href":"https:\/\/archive.sana.sy\/es\/index.php?rest_route=\/wp\/v2\/posts\/322750"}],"collection":[{"href":"https:\/\/archive.sana.sy\/es\/index.php?rest_route=\/wp\/v2\/posts"}],"about":[{"href":"https:\/\/archive.sana.sy\/es\/index.php?rest_route=\/wp\/v2\/types\/post"}],"author":[{"embeddable":true,"href":"https:\/\/archive.sana.sy\/es\/index.php?rest_route=\/wp\/v2\/users\/42"}],"replies":[{"embeddable":true,"href":"https:\/\/archive.sana.sy\/es\/index.php?rest_route=%2Fwp%2Fv2%2Fcomments&post=322750"}],"version-history":[{"count":1,"href":"https:\/\/archive.sana.sy\/es\/index.php?rest_route=\/wp\/v2\/posts\/322750\/revisions"}],"predecessor-version":[{"id":322752,"href":"https:\/\/archive.sana.sy\/es\/index.php?rest_route=\/wp\/v2\/posts\/322750\/revisions\/322752"}],"wp:featuredmedia":[{"embeddable":true,"href":"https:\/\/archive.sana.sy\/es\/index.php?rest_route=\/wp\/v2\/media\/322751"}],"wp:attachment":[{"href":"https:\/\/archive.sana.sy\/es\/index.php?rest_route=%2Fwp%2Fv2%2Fmedia&parent=322750"}],"wp:term":[{"taxonomy":"category","embeddable":true,"href":"https:\/\/archive.sana.sy\/es\/index.php?rest_route=%2Fwp%2Fv2%2Fcategories&post=322750"},{"taxonomy":"post_tag","embeddable":true,"href":"https:\/\/archive.sana.sy\/es\/index.php?rest_route=%2Fwp%2Fv2%2Ftags&post=322750"}],"curies":[{"name":"wp","href":"https:\/\/api.w.org\/{rel}","templated":true}]}}