{"id":322772,"date":"2024-02-21T11:56:07","date_gmt":"2024-02-21T08:56:07","guid":{"rendered":"https:\/\/sana.sy\/es\/?p=322772"},"modified":"2024-02-21T11:56:07","modified_gmt":"2024-02-21T08:56:07","slug":"movimiento-de-no-alineados-reitera-condena-a-agresion-israeli-contra-gaza","status":"publish","type":"post","link":"https:\/\/archive.sana.sy\/es\/?p=322772","title":{"rendered":"Movimiento de No Alineados reitera condena a agresi\u00f3n israel\u00ed contra Gaza"},"content":{"rendered":"<p style=\"text-align: justify;\"><span style=\"color: #800000;\"><strong>Nueva York, 21 feb (SANA)<\/strong> <\/span>El Movimiento de Pa\u00edses No Alineados (MNOAL) reiter\u00f3 su condena a la brutal agresi\u00f3n israel\u00ed contra el pueblo palestino, especialmente en la Franja de Gaza.<\/p>\n<p style=\"text-align: justify;\">&#8220;El MNOAL pidi\u00f3 un alto el fuego inmediato y apoyo al pueblo palestino&#8221;, dijo la delegada adjunta de Ir\u00e1n ante las Naciones Unidas, Zahra Ershadi, en un discurso en la reuni\u00f3n de la Asamblea General de la ONU en Nueva York.<\/p>\n<p style=\"text-align: justify;\">Expres\u00f3 su profunda preocupaci\u00f3n por las advertencias de los Relatores Especiales de las Naciones Unidas sobre un genocidio abierto en la Franja de Gaza y llam\u00f3 a la comunidad internacional poner fin a estas violaciones sionistas.<\/p>\n<p style=\"text-align: justify;\">Subray\u00f3 que la importancia de la solicitud presentada por la Asamblea General de las Naciones Unidas sobre la opini\u00f3n consultiva de la Corte Internacional de Justicia sobre las repercusiones y obligaciones jur\u00eddicas resultantes de la continuaci\u00f3n de pol\u00edticas y procedimientos ilegales, la prolongaci\u00f3n de la ocupaci\u00f3n de Palestina por parte de la entidad sionista y la privaci\u00f3n del pueblo palestino del derecho a la libre determinaci\u00f3n.<\/p>\n<p style=\"text-align: justify;\">as\/fm<\/p>\n","protected":false},"excerpt":{"rendered":"<p>Nueva York, 21 feb (SANA) El Movimiento de Pa\u00edses No Alineados (MNOAL) reiter\u00f3 su condena a la brutal agresi\u00f3n israel\u00ed contra el pueblo palestino, especialmente en la Franja de Gaza. &#8220;El MNOAL pidi\u00f3 un alto el fuego inmediato y apoyo al pueblo palestino&#8221;, dijo la delegada adjunta de Ir\u00e1n ante las Naciones Unidas, Zahra Ershadi, &hellip;<\/p>\n","protected":false},"author":42,"featured_media":322777,"comment_status":"closed","ping_status":"closed","sticky":false,"template":"","format":"standard","meta":{"footnotes":""},"categories":[597,456,16687,20724,7541],"tags":[],"class_list":["post-322772","post","type-post","status-publish","format-standard","has-post-thumbnail","","category-cinta-de-noticias","category-arabe-internacional-politica","category-internacionales","category-minuto-a-minuto","category-ultimas-noticias"],"_links":{"self":[{"href":"https:\/\/archive.sana.sy\/es\/index.php?rest_route=\/wp\/v2\/posts\/322772"}],"collection":[{"href":"https:\/\/archive.sana.sy\/es\/index.php?rest_route=\/wp\/v2\/posts"}],"about":[{"href":"https:\/\/archive.sana.sy\/es\/index.php?rest_route=\/wp\/v2\/types\/post"}],"author":[{"embeddable":true,"href":"https:\/\/archive.sana.sy\/es\/index.php?rest_route=\/wp\/v2\/users\/42"}],"replies":[{"embeddable":true,"href":"https:\/\/archive.sana.sy\/es\/index.php?rest_route=%2Fwp%2Fv2%2Fcomments&post=322772"}],"version-history":[{"count":1,"href":"https:\/\/archive.sana.sy\/es\/index.php?rest_route=\/wp\/v2\/posts\/322772\/revisions"}],"predecessor-version":[{"id":322778,"href":"https:\/\/archive.sana.sy\/es\/index.php?rest_route=\/wp\/v2\/posts\/322772\/revisions\/322778"}],"wp:featuredmedia":[{"embeddable":true,"href":"https:\/\/archive.sana.sy\/es\/index.php?rest_route=\/wp\/v2\/media\/322777"}],"wp:attachment":[{"href":"https:\/\/archive.sana.sy\/es\/index.php?rest_route=%2Fwp%2Fv2%2Fmedia&parent=322772"}],"wp:term":[{"taxonomy":"category","embeddable":true,"href":"https:\/\/archive.sana.sy\/es\/index.php?rest_route=%2Fwp%2Fv2%2Fcategories&post=322772"},{"taxonomy":"post_tag","embeddable":true,"href":"https:\/\/archive.sana.sy\/es\/index.php?rest_route=%2Fwp%2Fv2%2Ftags&post=322772"}],"curies":[{"name":"wp","href":"https:\/\/api.w.org\/{rel}","templated":true}]}}