{"id":322779,"date":"2024-02-21T14:11:28","date_gmt":"2024-02-21T11:11:28","guid":{"rendered":"https:\/\/sana.sy\/es\/?p=322779"},"modified":"2024-02-21T14:12:22","modified_gmt":"2024-02-21T11:12:22","slug":"siria-denuncia-que-turquia-y-eeuu-cortan-el-agua-a-provincia-de-hasakeh","status":"publish","type":"post","link":"https:\/\/archive.sana.sy\/es\/?p=322779","title":{"rendered":"Siria denuncia que Turqu\u00eda y EEUU cortan el agua a provincia de Hasakeh"},"content":{"rendered":"<p style=\"text-align: justify;\"><span style=\"color: #800000;\"><strong>Damasco, 21 feb (SANA)<\/strong><\/span>\u00a0 El gobierno sirio exigi\u00f3 este mi\u00e9rcoles el fin del corte de agua potable en la ciudad de Hasakeh y sus alrededores y que se ha prolongado por m\u00e1s de cuatro meses por parte de las fuerzas de ocupaci\u00f3n turcas y estadounidenses y sus milicias mercenarias locales.<\/p>\n<p style=\"text-align: justify;\"><img loading=\"lazy\" decoding=\"async\" class=\"size-medium wp-image-322801 alignright\" src=\"http:\/\/sana.sy\/es\/wp-content\/uploads\/2024\/02\/\u0627\u0644\u062e\u0627\u0631\u062c\u064a\u0629-\u0644\u0648\u063a\u0648-\u062c\u062f\u064a\u062f-1-660x330-1-300x150.jpg\" alt=\"\" width=\"300\" height=\"150\" srcset=\"https:\/\/archive.sana.sy\/es\/wp-content\/uploads\/2024\/02\/\u0627\u0644\u062e\u0627\u0631\u062c\u064a\u0629-\u0644\u0648\u063a\u0648-\u062c\u062f\u064a\u062f-1-660x330-1-300x150.jpg 300w, https:\/\/archive.sana.sy\/es\/wp-content\/uploads\/2024\/02\/\u0627\u0644\u062e\u0627\u0631\u062c\u064a\u0629-\u0644\u0648\u063a\u0648-\u062c\u062f\u064a\u062f-1-660x330-1-150x75.jpg 150w, https:\/\/archive.sana.sy\/es\/wp-content\/uploads\/2024\/02\/\u0627\u0644\u062e\u0627\u0631\u062c\u064a\u0629-\u0644\u0648\u063a\u0648-\u062c\u062f\u064a\u062f-1-660x330-1.jpg 660w\" sizes=\"(max-width: 300px) 100vw, 300px\" \/>Seg\u00fan un comunicado del Ministerio de Asuntos Exteriores y Expatriados de Siria, \u201cm\u00e1s de un mill\u00f3n de personas afectadas por este acto que constituye un crimen de guerra que podr\u00eda provocar una cat\u00e1strofe humanitaria, sanitaria y medioambiental.<\/p>\n<p style=\"text-align: justify;\">El agua potable sigue sin llegar a la ciudad de Hasakeh y sus alrededores durante m\u00e1s de cuatro meses debido a las agresiones de Turqu\u00eda y Estados Unidos lo que exacerba las tr\u00e1gicas condiciones de los sirios en estas regiones, agreg\u00f3 la nota.<\/p>\n<p style=\"text-align: justify;\">La Canciller\u00eda asever\u00f3 que estas pr\u00e1cticas no son m\u00e1s que un \u201ccrimen de guerra\u201d que contradicen a todas las convenciones internacionales, las normas humanitarias y el derecho internacional humanitario, en medio de un abandono y silencio de la comunidad internacional y las organizaciones internacionales.<\/p>\n<p style=\"text-align: justify;\">El Estado sirio est\u00e1 haciendo todo lo posible para proteger a sus ciudadanos y asegurarles agua en esas zonas, pero la parte turca ataca frecuentemente las estaciones de agua que abastecen a la gobernaci\u00f3n, utilizando el corte del agua como herramienta para lograr sus ambiciones pol\u00edticas, denunci\u00f3.<\/p>\n<p style=\"text-align: justify;\">Reiter\u00f3 su llamamiento a la comunidad internacional para que intervenga urgentemente y poner fin a estas acciones que presagian consecuencias catastr\u00f3ficas.<\/p>\n<p style=\"text-align: justify;\"><strong>ws\/fm<\/strong><\/p>\n","protected":false},"excerpt":{"rendered":"<p>Damasco, 21 feb (SANA)\u00a0 El gobierno sirio exigi\u00f3 este mi\u00e9rcoles el fin del corte de agua potable en la ciudad de Hasakeh y sus alrededores y que se ha prolongado por m\u00e1s de cuatro meses por parte de las fuerzas de ocupaci\u00f3n turcas y estadounidenses y sus milicias mercenarias locales. Seg\u00fan un comunicado del Ministerio &hellip;<\/p>\n","protected":false},"author":35,"featured_media":322800,"comment_status":"closed","ping_status":"closed","sticky":false,"template":"","format":"standard","meta":{"footnotes":""},"categories":[447,477,597,20724,476,583],"tags":[],"class_list":["post-322779","post","type-post","status-publish","format-standard","has-post-thumbnail","","category-local-politica","category-noticias-edulcorantes","category-cinta-de-noticias","category-minuto-a-minuto","category-locales","category-slide"],"_links":{"self":[{"href":"https:\/\/archive.sana.sy\/es\/index.php?rest_route=\/wp\/v2\/posts\/322779"}],"collection":[{"href":"https:\/\/archive.sana.sy\/es\/index.php?rest_route=\/wp\/v2\/posts"}],"about":[{"href":"https:\/\/archive.sana.sy\/es\/index.php?rest_route=\/wp\/v2\/types\/post"}],"author":[{"embeddable":true,"href":"https:\/\/archive.sana.sy\/es\/index.php?rest_route=\/wp\/v2\/users\/35"}],"replies":[{"embeddable":true,"href":"https:\/\/archive.sana.sy\/es\/index.php?rest_route=%2Fwp%2Fv2%2Fcomments&post=322779"}],"version-history":[{"count":2,"href":"https:\/\/archive.sana.sy\/es\/index.php?rest_route=\/wp\/v2\/posts\/322779\/revisions"}],"predecessor-version":[{"id":322803,"href":"https:\/\/archive.sana.sy\/es\/index.php?rest_route=\/wp\/v2\/posts\/322779\/revisions\/322803"}],"wp:featuredmedia":[{"embeddable":true,"href":"https:\/\/archive.sana.sy\/es\/index.php?rest_route=\/wp\/v2\/media\/322800"}],"wp:attachment":[{"href":"https:\/\/archive.sana.sy\/es\/index.php?rest_route=%2Fwp%2Fv2%2Fmedia&parent=322779"}],"wp:term":[{"taxonomy":"category","embeddable":true,"href":"https:\/\/archive.sana.sy\/es\/index.php?rest_route=%2Fwp%2Fv2%2Fcategories&post=322779"},{"taxonomy":"post_tag","embeddable":true,"href":"https:\/\/archive.sana.sy\/es\/index.php?rest_route=%2Fwp%2Fv2%2Ftags&post=322779"}],"curies":[{"name":"wp","href":"https:\/\/api.w.org\/{rel}","templated":true}]}}