{"id":322792,"date":"2024-02-21T12:44:34","date_gmt":"2024-02-21T09:44:34","guid":{"rendered":"https:\/\/sana.sy\/es\/?p=322792"},"modified":"2024-02-21T12:44:34","modified_gmt":"2024-02-21T09:44:34","slug":"ministerio-palestino-de-salud-el-numero-de-victimas-de-la-actual-agresion-israeli-contra-la-franja-de-gaza-asciende-a-29-313-muertos-y-69-333-heridos","status":"publish","type":"post","link":"https:\/\/archive.sana.sy\/es\/?p=322792","title":{"rendered":"\u00a0Ministerio palestino de Salud: El n\u00famero de v\u00edctimas de la actual agresi\u00f3n israel\u00ed contra la Franja de Gaza asciende a 29.313 muertos y 69.333 heridos."},"content":{"rendered":"","protected":false},"excerpt":{"rendered":"","protected":false},"author":42,"featured_media":0,"comment_status":"closed","ping_status":"closed","sticky":false,"template":"","format":"standard","meta":{"footnotes":""},"categories":[20724,596],"tags":[],"class_list":["post-322792","post","type-post","status-publish","format-standard","","category-minuto-a-minuto","category-urgente"],"_links":{"self":[{"href":"https:\/\/archive.sana.sy\/es\/index.php?rest_route=\/wp\/v2\/posts\/322792"}],"collection":[{"href":"https:\/\/archive.sana.sy\/es\/index.php?rest_route=\/wp\/v2\/posts"}],"about":[{"href":"https:\/\/archive.sana.sy\/es\/index.php?rest_route=\/wp\/v2\/types\/post"}],"author":[{"embeddable":true,"href":"https:\/\/archive.sana.sy\/es\/index.php?rest_route=\/wp\/v2\/users\/42"}],"replies":[{"embeddable":true,"href":"https:\/\/archive.sana.sy\/es\/index.php?rest_route=%2Fwp%2Fv2%2Fcomments&post=322792"}],"version-history":[{"count":1,"href":"https:\/\/archive.sana.sy\/es\/index.php?rest_route=\/wp\/v2\/posts\/322792\/revisions"}],"predecessor-version":[{"id":322793,"href":"https:\/\/archive.sana.sy\/es\/index.php?rest_route=\/wp\/v2\/posts\/322792\/revisions\/322793"}],"wp:attachment":[{"href":"https:\/\/archive.sana.sy\/es\/index.php?rest_route=%2Fwp%2Fv2%2Fmedia&parent=322792"}],"wp:term":[{"taxonomy":"category","embeddable":true,"href":"https:\/\/archive.sana.sy\/es\/index.php?rest_route=%2Fwp%2Fv2%2Fcategories&post=322792"},{"taxonomy":"post_tag","embeddable":true,"href":"https:\/\/archive.sana.sy\/es\/index.php?rest_route=%2Fwp%2Fv2%2Ftags&post=322792"}],"curies":[{"name":"wp","href":"https:\/\/api.w.org\/{rel}","templated":true}]}}