{"id":322796,"date":"2024-02-21T09:33:51","date_gmt":"2024-02-21T06:33:51","guid":{"rendered":"https:\/\/sana.sy\/es\/?p=322796"},"modified":"2024-02-21T19:31:18","modified_gmt":"2024-02-21T16:31:18","slug":"el-minuto-a-minuto-de-la-agresion-israeli-a-gaza-37","status":"publish","type":"post","link":"https:\/\/archive.sana.sy\/es\/?p=322796","title":{"rendered":"El minuto a minuto de la agresi\u00f3n israel\u00ed a Gaza"},"content":{"rendered":"<p style=\"text-align: justify\"><span style=\"color: #800000\"><strong>Jerusal\u00e9n ocupada, 21 feb (SANA)<\/strong><\/span> <strong>A continuaci\u00f3n, los desarrollos del d\u00eda 123 de la agresi\u00f3n israel\u00ed contra la Franja de Gaza:<\/strong><\/p>\n<p>????????La Resistencia palestina ataca un tanque israel\u00ed &#8220;Merkava&#8221; en la zona de Al-Hawouz, al oeste de de Khan Yunis.<\/p>\n<p>???????? La Resistencia palestina ataca a dos grupos de soldados israel\u00edes atrincherados dentro de dos casas al oeste de la ciudad de Khan Yunis, el sur de Gaza, y deja muertos y heridos entre sus filas.<\/p>\n<p>???????? Ocho pacientes fallecieron por falta de ox\u00edgeno tras el corte de la electricidad en el Complejo M\u00e9dico Nasser, en Jan Yunis, en el sur de Gaza<\/p>\n<p style=\"text-align: justify\">???????? \u00a0Ministerio palestino de Salud:Durante las \u00faltimas 24 horas, el ocupante israel\u00ed cometi\u00f3 11 masacres en Gaza, que cobraron la vida de 118 palestinos mientras otros 163 resultaron heridos.<\/p>\n<p style=\"text-align: justify\">???????? Ministerio palestino de Salud: El n\u00famero de v\u00edctimas de la actual agresi\u00f3n israel\u00ed contra la Franja de Gaza asciende a 29.313 muertos y 69.333 heridos.<\/p>\n<p style=\"text-align: justify\">???????? Un palestino fue asesinado por las fuerzas israel\u00edes en el campo de Jenin, en Cisjordania.<\/p>\n<p style=\"text-align: justify\">???????? El ocupante israel\u00ed confirma la muerte de un soldado y heridas graves de otros 3 durante los enfrentamientos con la resistencia palestina en el norte de la Franja de Gaza.<\/p>\n","protected":false},"excerpt":{"rendered":"<p>Jerusal\u00e9n ocupada, 21 feb (SANA) A continuaci\u00f3n, los desarrollos del d\u00eda 123 de la agresi\u00f3n israel\u00ed contra la Franja de Gaza: ????????La Resistencia palestina ataca un tanque israel\u00ed &#8220;Merkava&#8221; en la zona de Al-Hawouz, al oeste de de Khan Yunis. ???????? La Resistencia palestina ataca a dos grupos de soldados israel\u00edes atrincherados dentro de dos &hellip;<\/p>\n","protected":false},"author":42,"featured_media":322797,"comment_status":"closed","ping_status":"closed","sticky":false,"template":"","format":"standard","meta":{"footnotes":""},"categories":[597,456,16687,20724,583],"tags":[],"class_list":["post-322796","post","type-post","status-publish","format-standard","has-post-thumbnail","","category-cinta-de-noticias","category-arabe-internacional-politica","category-internacionales","category-minuto-a-minuto","category-slide"],"_links":{"self":[{"href":"https:\/\/archive.sana.sy\/es\/index.php?rest_route=\/wp\/v2\/posts\/322796"}],"collection":[{"href":"https:\/\/archive.sana.sy\/es\/index.php?rest_route=\/wp\/v2\/posts"}],"about":[{"href":"https:\/\/archive.sana.sy\/es\/index.php?rest_route=\/wp\/v2\/types\/post"}],"author":[{"embeddable":true,"href":"https:\/\/archive.sana.sy\/es\/index.php?rest_route=\/wp\/v2\/users\/42"}],"replies":[{"embeddable":true,"href":"https:\/\/archive.sana.sy\/es\/index.php?rest_route=%2Fwp%2Fv2%2Fcomments&post=322796"}],"version-history":[{"count":3,"href":"https:\/\/archive.sana.sy\/es\/index.php?rest_route=\/wp\/v2\/posts\/322796\/revisions"}],"predecessor-version":[{"id":322843,"href":"https:\/\/archive.sana.sy\/es\/index.php?rest_route=\/wp\/v2\/posts\/322796\/revisions\/322843"}],"wp:featuredmedia":[{"embeddable":true,"href":"https:\/\/archive.sana.sy\/es\/index.php?rest_route=\/wp\/v2\/media\/322797"}],"wp:attachment":[{"href":"https:\/\/archive.sana.sy\/es\/index.php?rest_route=%2Fwp%2Fv2%2Fmedia&parent=322796"}],"wp:term":[{"taxonomy":"category","embeddable":true,"href":"https:\/\/archive.sana.sy\/es\/index.php?rest_route=%2Fwp%2Fv2%2Fcategories&post=322796"},{"taxonomy":"post_tag","embeddable":true,"href":"https:\/\/archive.sana.sy\/es\/index.php?rest_route=%2Fwp%2Fv2%2Ftags&post=322796"}],"curies":[{"name":"wp","href":"https:\/\/api.w.org\/{rel}","templated":true}]}}