{"id":322812,"date":"2024-02-21T14:53:54","date_gmt":"2024-02-21T11:53:54","guid":{"rendered":"https:\/\/sana.sy\/es\/?p=322812"},"modified":"2024-02-21T14:53:54","modified_gmt":"2024-02-21T11:53:54","slug":"29-313-muertos-y-69-333-heridos-durante-138-dias-de-agresion-israeli-a-gaza","status":"publish","type":"post","link":"https:\/\/archive.sana.sy\/es\/?p=322812","title":{"rendered":"29.313 muertos y 69.333 heridos durante 138 d\u00edas de agresi\u00f3n israel\u00ed a Gaza"},"content":{"rendered":"<p style=\"text-align: justify;\"><span style=\"color: #800000;\"><strong>Jerusal\u00e9n ocupada, 21 feb (SANA)<\/strong><\/span> El Ministerio de Salud palestino anunci\u00f3 hoy que el ocupante israel\u00ed cometi\u00f3 durante las \u00faltimas 24 horas 11 masacres en la Franja de Gaza, con un saldo de 118 m\u00e1rtires y 163 heridos.<\/p>\n<p style=\"text-align: justify;\">En un comunicado, el Ministerio indic\u00f3 que el n\u00famero de v\u00edctimas de 138 d\u00edas de continua agresi\u00f3n israel\u00ed aument\u00f3 a 29.313 muertos y 69.333 heridos, mientras que miles siguen bajo los escombros o tirados en las carreteras, ya que el ocupante impide que las ambulancias y los equipos de defensa civil lleguen hasta ellos.<\/p>\n<p style=\"text-align: justify;\">Asimismo, 8 pacientes fallecieron por falta de suministro de ox\u00edgeno en el Complejo M\u00e9dico Nasser en Khan Yunis, al sur de la Franja de Gaza, y permanecen desde hace 4 d\u00edas en sus camas muertos entre otros pacientes.<\/p>\n<p style=\"text-align: justify;\">El Ministerio aclar\u00f3 que los cuerpos de los fallecidos comenzaron a hincharse y mostrar signos de descomposici\u00f3n, lo que representa un peligro para otros pacientes.<\/p>\n<p style=\"text-align: justify;\">En el norte de la Franja de Gaza, el Ministerio indic\u00f3 que varios pacientes con enfermedades cr\u00f3nicas murieron al no recibir atenci\u00f3n m\u00e9dica y quedarse sin medicamentos, alimentos y agua.<\/p>\n<p style=\"text-align: justify;\">fm\/as<\/p>\n","protected":false},"excerpt":{"rendered":"<p>Jerusal\u00e9n ocupada, 21 feb (SANA) El Ministerio de Salud palestino anunci\u00f3 hoy que el ocupante israel\u00ed cometi\u00f3 durante las \u00faltimas 24 horas 11 masacres en la Franja de Gaza, con un saldo de 118 m\u00e1rtires y 163 heridos. En un comunicado, el Ministerio indic\u00f3 que el n\u00famero de v\u00edctimas de 138 d\u00edas de continua agresi\u00f3n &hellip;<\/p>\n","protected":false},"author":42,"featured_media":322815,"comment_status":"closed","ping_status":"closed","sticky":false,"template":"","format":"standard","meta":{"footnotes":""},"categories":[597,456,16687,20724,7541],"tags":[],"class_list":["post-322812","post","type-post","status-publish","format-standard","has-post-thumbnail","","category-cinta-de-noticias","category-arabe-internacional-politica","category-internacionales","category-minuto-a-minuto","category-ultimas-noticias"],"_links":{"self":[{"href":"https:\/\/archive.sana.sy\/es\/index.php?rest_route=\/wp\/v2\/posts\/322812"}],"collection":[{"href":"https:\/\/archive.sana.sy\/es\/index.php?rest_route=\/wp\/v2\/posts"}],"about":[{"href":"https:\/\/archive.sana.sy\/es\/index.php?rest_route=\/wp\/v2\/types\/post"}],"author":[{"embeddable":true,"href":"https:\/\/archive.sana.sy\/es\/index.php?rest_route=\/wp\/v2\/users\/42"}],"replies":[{"embeddable":true,"href":"https:\/\/archive.sana.sy\/es\/index.php?rest_route=%2Fwp%2Fv2%2Fcomments&post=322812"}],"version-history":[{"count":1,"href":"https:\/\/archive.sana.sy\/es\/index.php?rest_route=\/wp\/v2\/posts\/322812\/revisions"}],"predecessor-version":[{"id":322816,"href":"https:\/\/archive.sana.sy\/es\/index.php?rest_route=\/wp\/v2\/posts\/322812\/revisions\/322816"}],"wp:featuredmedia":[{"embeddable":true,"href":"https:\/\/archive.sana.sy\/es\/index.php?rest_route=\/wp\/v2\/media\/322815"}],"wp:attachment":[{"href":"https:\/\/archive.sana.sy\/es\/index.php?rest_route=%2Fwp%2Fv2%2Fmedia&parent=322812"}],"wp:term":[{"taxonomy":"category","embeddable":true,"href":"https:\/\/archive.sana.sy\/es\/index.php?rest_route=%2Fwp%2Fv2%2Fcategories&post=322812"},{"taxonomy":"post_tag","embeddable":true,"href":"https:\/\/archive.sana.sy\/es\/index.php?rest_route=%2Fwp%2Fv2%2Ftags&post=322812"}],"curies":[{"name":"wp","href":"https:\/\/api.w.org\/{rel}","templated":true}]}}