{"id":322824,"date":"2024-02-21T17:05:40","date_gmt":"2024-02-21T14:05:40","guid":{"rendered":"https:\/\/sana.sy\/es\/?p=322824"},"modified":"2024-02-21T17:05:40","modified_gmt":"2024-02-21T14:05:40","slug":"shaaban-recibe-una-delegacion-de-la-asociacion-de-venecia-para-la-amistad-arabe-italiana","status":"publish","type":"post","link":"https:\/\/archive.sana.sy\/es\/?p=322824","title":{"rendered":"Shaaban recibe una delegaci\u00f3n de la Asociaci\u00f3n de Venecia para la Amistad \u00c1rabe-Italiana"},"content":{"rendered":"<p style=\"text-align: justify\"><span style=\"color: #800000\"><strong>Damasco, 21 feb (SANA)<\/strong> <\/span>La asesora especial de la Presidencia de la Rep\u00fablica, Bothaina Shaaban, destac\u00f3 hoy que las arremetidas lanzadas durante los \u00faltimos contra los pueblos \u00e1rabes tuvieron como objetivo lograr la normalizaci\u00f3n con la entidad israel\u00ed y garantizar que este enemigo ganara m\u00e1s terreno en la regi\u00f3n.<\/p>\n<p style=\"text-align: justify\">Shaaban hizo estas declaraciones al reunirse con la delegaci\u00f3n de la Asociaci\u00f3n de Venecia para la Amistad \u00c1rabe-Italiana, encabezada Sanaa Shami, la responsable de cooperaci\u00f3n internacional de la asociaci\u00f3n.<\/p>\n<p style=\"text-align: justify\">En el encuentro fueron abordados varios temas, especialmente la necesidad de documentar la guerra terrorista que sufre Siria, y de documentar y preservar los tesoros culturales y patrimoniales que posee esta naci\u00f3n para presentarlos a las generaciones futuras.<\/p>\n<p style=\"text-align: justify\">Shami hizo hincapi\u00e9 en la importancia de transmitir la imagen civilizada de Siria a todos los pueblos del mundo, lamentando que el r\u00e9gimen occidental est\u00e1 tratando de destruir esta imagen.<\/p>\n<p style=\"text-align: justify\">la<\/p>\n","protected":false},"excerpt":{"rendered":"<p>Damasco, 21 feb (SANA) La asesora especial de la Presidencia de la Rep\u00fablica, Bothaina Shaaban, destac\u00f3 hoy que las arremetidas lanzadas durante los \u00faltimos contra los pueblos \u00e1rabes tuvieron como objetivo lograr la normalizaci\u00f3n con la entidad israel\u00ed y garantizar que este enemigo ganara m\u00e1s terreno en la regi\u00f3n. Shaaban hizo estas declaraciones al reunirse &hellip;<\/p>\n","protected":false},"author":24,"featured_media":322825,"comment_status":"closed","ping_status":"closed","sticky":false,"template":"","format":"standard","meta":{"footnotes":""},"categories":[447,597,20724,448,467,7541],"tags":[],"class_list":["post-322824","post","type-post","status-publish","format-standard","has-post-thumbnail","","category-local-politica","category-cinta-de-noticias","category-minuto-a-minuto","category-noticias","category-siria-y-el-mundo","category-ultimas-noticias"],"_links":{"self":[{"href":"https:\/\/archive.sana.sy\/es\/index.php?rest_route=\/wp\/v2\/posts\/322824"}],"collection":[{"href":"https:\/\/archive.sana.sy\/es\/index.php?rest_route=\/wp\/v2\/posts"}],"about":[{"href":"https:\/\/archive.sana.sy\/es\/index.php?rest_route=\/wp\/v2\/types\/post"}],"author":[{"embeddable":true,"href":"https:\/\/archive.sana.sy\/es\/index.php?rest_route=\/wp\/v2\/users\/24"}],"replies":[{"embeddable":true,"href":"https:\/\/archive.sana.sy\/es\/index.php?rest_route=%2Fwp%2Fv2%2Fcomments&post=322824"}],"version-history":[{"count":1,"href":"https:\/\/archive.sana.sy\/es\/index.php?rest_route=\/wp\/v2\/posts\/322824\/revisions"}],"predecessor-version":[{"id":322826,"href":"https:\/\/archive.sana.sy\/es\/index.php?rest_route=\/wp\/v2\/posts\/322824\/revisions\/322826"}],"wp:featuredmedia":[{"embeddable":true,"href":"https:\/\/archive.sana.sy\/es\/index.php?rest_route=\/wp\/v2\/media\/322825"}],"wp:attachment":[{"href":"https:\/\/archive.sana.sy\/es\/index.php?rest_route=%2Fwp%2Fv2%2Fmedia&parent=322824"}],"wp:term":[{"taxonomy":"category","embeddable":true,"href":"https:\/\/archive.sana.sy\/es\/index.php?rest_route=%2Fwp%2Fv2%2Fcategories&post=322824"},{"taxonomy":"post_tag","embeddable":true,"href":"https:\/\/archive.sana.sy\/es\/index.php?rest_route=%2Fwp%2Fv2%2Ftags&post=322824"}],"curies":[{"name":"wp","href":"https:\/\/api.w.org\/{rel}","templated":true}]}}