{"id":322948,"date":"2024-02-23T15:01:37","date_gmt":"2024-02-23T12:01:37","guid":{"rendered":"https:\/\/sana.sy\/es\/?p=322948"},"modified":"2024-02-23T15:02:26","modified_gmt":"2024-02-23T12:02:26","slug":"104-muertos-y-160-heridos-palestinos-en-el-dia-140-de-la-actual-agresion-israeli-a-gaza","status":"publish","type":"post","link":"https:\/\/archive.sana.sy\/es\/?p=322948","title":{"rendered":"104 muertos y 160 heridos palestinos en el d\u00eda 140 de la actual agresi\u00f3n israel\u00ed a Gaza"},"content":{"rendered":"<p style=\"text-align: justify;\"><strong><span style=\"color: #800000;\">Jerusal\u00e9n ocupada, 23 feb (SANA)<\/span> <\/strong>El Ministerio palestino de Salud anunci\u00f3 que el ocupante israel\u00ed cometi\u00f3 10 masacres contra familias en la Franja de Gaza durante las \u00faltimas 24 horas, dejando 104 muertos y 160 heridos.<\/p>\n<p style=\"text-align: justify;\">El ente explic\u00f3 mediante un comunicado que el ocupante contin\u00faa su agresi\u00f3n en diversas formas,por 140 d\u00edas, contra varias localidades de la Franja, incluidas ejecuciones sobre el terreno, masacres, genocidio y aniquilaci\u00f3n de barrios residenciales.<\/p>\n<p style=\"text-align: justify;\">Detall\u00f3 que la cifra de v\u00edctimas de la agresi\u00f3n israel\u00ed en curso desde el 7 de octubre pasado aument\u00f3 a 29.514 muertos y 69.616 heridos.<\/p>\n<p style=\"text-align: justify;\">Se\u00f1al\u00f3 que numerosas v\u00edctimas a\u00fan se encuentran bajo los escombros y en las carreteras, y el ocupante impide llegada de ambulancias y civiles all\u00ed.<\/p>\n<p style=\"text-align: justify;\">sm<\/p>\n","protected":false},"excerpt":{"rendered":"<p>Jerusal\u00e9n ocupada, 23 feb (SANA) El Ministerio palestino de Salud anunci\u00f3 que el ocupante israel\u00ed cometi\u00f3 10 masacres contra familias en la Franja de Gaza durante las \u00faltimas 24 horas, dejando 104 muertos y 160 heridos. El ente explic\u00f3 mediante un comunicado que el ocupante contin\u00faa su agresi\u00f3n en diversas formas,por 140 d\u00edas, contra varias &hellip;<\/p>\n","protected":false},"author":39,"featured_media":322949,"comment_status":"closed","ping_status":"closed","sticky":false,"template":"","format":"standard","meta":{"footnotes":""},"categories":[597,456,16687,20724,583],"tags":[],"class_list":["post-322948","post","type-post","status-publish","format-standard","has-post-thumbnail","","category-cinta-de-noticias","category-arabe-internacional-politica","category-internacionales","category-minuto-a-minuto","category-slide"],"_links":{"self":[{"href":"https:\/\/archive.sana.sy\/es\/index.php?rest_route=\/wp\/v2\/posts\/322948"}],"collection":[{"href":"https:\/\/archive.sana.sy\/es\/index.php?rest_route=\/wp\/v2\/posts"}],"about":[{"href":"https:\/\/archive.sana.sy\/es\/index.php?rest_route=\/wp\/v2\/types\/post"}],"author":[{"embeddable":true,"href":"https:\/\/archive.sana.sy\/es\/index.php?rest_route=\/wp\/v2\/users\/39"}],"replies":[{"embeddable":true,"href":"https:\/\/archive.sana.sy\/es\/index.php?rest_route=%2Fwp%2Fv2%2Fcomments&post=322948"}],"version-history":[{"count":2,"href":"https:\/\/archive.sana.sy\/es\/index.php?rest_route=\/wp\/v2\/posts\/322948\/revisions"}],"predecessor-version":[{"id":322951,"href":"https:\/\/archive.sana.sy\/es\/index.php?rest_route=\/wp\/v2\/posts\/322948\/revisions\/322951"}],"wp:featuredmedia":[{"embeddable":true,"href":"https:\/\/archive.sana.sy\/es\/index.php?rest_route=\/wp\/v2\/media\/322949"}],"wp:attachment":[{"href":"https:\/\/archive.sana.sy\/es\/index.php?rest_route=%2Fwp%2Fv2%2Fmedia&parent=322948"}],"wp:term":[{"taxonomy":"category","embeddable":true,"href":"https:\/\/archive.sana.sy\/es\/index.php?rest_route=%2Fwp%2Fv2%2Fcategories&post=322948"},{"taxonomy":"post_tag","embeddable":true,"href":"https:\/\/archive.sana.sy\/es\/index.php?rest_route=%2Fwp%2Fv2%2Ftags&post=322948"}],"curies":[{"name":"wp","href":"https:\/\/api.w.org\/{rel}","templated":true}]}}