{"id":322963,"date":"2024-02-23T17:32:04","date_gmt":"2024-02-23T14:32:04","guid":{"rendered":"https:\/\/sana.sy\/es\/?p=322963"},"modified":"2024-02-23T17:32:24","modified_gmt":"2024-02-23T14:32:24","slug":"la-resistencia-libanesa-ataca-una-posicion-del-ejercito-israeli","status":"publish","type":"post","link":"https:\/\/archive.sana.sy\/es\/?p=322963","title":{"rendered":"La resistencia libanesa ataca una posici\u00f3n del ej\u00e9rcito israel\u00ed"},"content":{"rendered":"<p style=\"text-align: justify;\"><span style=\"color: #800000;\"><strong>Beirut, 23 feb (SANA)\u00a0<\/strong><\/span> La Resistencia Nacional Libanesa atac\u00f3 al ocupante israel\u00ed en el asentamiento \u201cKiryat Shmona\u201d con dos drones en respuesta a las agresiones sionistas contra aldeas y viviendas civiles en el sur del L\u00edbano.<\/p>\n<p style=\"text-align: justify;\">\u201cEn apoyo al firme pueblo palestino y su valiente resistencia en la Franja de Gaza, y en respuesta a los ataques israel\u00edes a las aldeas y casa civiles del sur, el m\u00e1s reciente de los cuales fue el ataque a un centro de Defensa Civil en Blida, nuestros combatientes atacaron esta ma\u00f1ana con dos drones de asalto la sede del Consejo Regional del ej\u00e9rcito israel\u00ed en la localidad Kiryat Shmona, y alcanzaron su objetivo con precisi\u00f3n\u201d, anunci\u00f3 la Resistencia mediante un comunicado.<\/p>\n<p style=\"text-align: justify;\">En v\u00edsperas, los resistentes libaneses atacaron con misiles la posici\u00f3n \u201cBarkat Risha\u201d del enemigo israel\u00ed en el norte de la Palestina ocupada, logrando impactos directos.<\/p>\n<p style=\"text-align: justify;\">sm<\/p>\n","protected":false},"excerpt":{"rendered":"<p>Beirut, 23 feb (SANA)\u00a0 La Resistencia Nacional Libanesa atac\u00f3 al ocupante israel\u00ed en el asentamiento \u201cKiryat Shmona\u201d con dos drones en respuesta a las agresiones sionistas contra aldeas y viviendas civiles en el sur del L\u00edbano. \u201cEn apoyo al firme pueblo palestino y su valiente resistencia en la Franja de Gaza, y en respuesta a &hellip;<\/p>\n","protected":false},"author":39,"featured_media":322964,"comment_status":"closed","ping_status":"closed","sticky":false,"template":"","format":"standard","meta":{"footnotes":""},"categories":[597,456,16687,20724,7541],"tags":[],"class_list":["post-322963","post","type-post","status-publish","format-standard","has-post-thumbnail","","category-cinta-de-noticias","category-arabe-internacional-politica","category-internacionales","category-minuto-a-minuto","category-ultimas-noticias"],"_links":{"self":[{"href":"https:\/\/archive.sana.sy\/es\/index.php?rest_route=\/wp\/v2\/posts\/322963"}],"collection":[{"href":"https:\/\/archive.sana.sy\/es\/index.php?rest_route=\/wp\/v2\/posts"}],"about":[{"href":"https:\/\/archive.sana.sy\/es\/index.php?rest_route=\/wp\/v2\/types\/post"}],"author":[{"embeddable":true,"href":"https:\/\/archive.sana.sy\/es\/index.php?rest_route=\/wp\/v2\/users\/39"}],"replies":[{"embeddable":true,"href":"https:\/\/archive.sana.sy\/es\/index.php?rest_route=%2Fwp%2Fv2%2Fcomments&post=322963"}],"version-history":[{"count":1,"href":"https:\/\/archive.sana.sy\/es\/index.php?rest_route=\/wp\/v2\/posts\/322963\/revisions"}],"predecessor-version":[{"id":322965,"href":"https:\/\/archive.sana.sy\/es\/index.php?rest_route=\/wp\/v2\/posts\/322963\/revisions\/322965"}],"wp:featuredmedia":[{"embeddable":true,"href":"https:\/\/archive.sana.sy\/es\/index.php?rest_route=\/wp\/v2\/media\/322964"}],"wp:attachment":[{"href":"https:\/\/archive.sana.sy\/es\/index.php?rest_route=%2Fwp%2Fv2%2Fmedia&parent=322963"}],"wp:term":[{"taxonomy":"category","embeddable":true,"href":"https:\/\/archive.sana.sy\/es\/index.php?rest_route=%2Fwp%2Fv2%2Fcategories&post=322963"},{"taxonomy":"post_tag","embeddable":true,"href":"https:\/\/archive.sana.sy\/es\/index.php?rest_route=%2Fwp%2Fv2%2Ftags&post=322963"}],"curies":[{"name":"wp","href":"https:\/\/api.w.org\/{rel}","templated":true}]}}