{"id":322966,"date":"2024-02-23T17:43:14","date_gmt":"2024-02-23T14:43:14","guid":{"rendered":"https:\/\/sana.sy\/es\/?p=322966"},"modified":"2024-02-23T17:47:44","modified_gmt":"2024-02-23T14:47:44","slug":"turistas-europeos-y-estadounidenses-visitan-la-ciudad-vieja-de-damasco","status":"publish","type":"post","link":"https:\/\/archive.sana.sy\/es\/?p=322966","title":{"rendered":"Turistas europeos y estadounidenses visitan la ciudad vieja de Damasco"},"content":{"rendered":"<p style=\"text-align: justify;\"><span style=\"color: #800000;\"><strong>Damasco, 23 feb (SANA)<\/strong><\/span>\u00a0 12 turistas de nacionalidades brit\u00e1nica, eslovaca, irlandesa, francesa, estadounidense y austriaca visitaron hoy la ciudad vieja de Damasco, vieron sus monumentos arqueol\u00f3gicos y religiosos y recorrieron sus mercados y barrios.<\/p>\n<p style=\"text-align: justify;\">En declaraciones a SANA, el gu\u00eda tur\u00edstico Muhammad Azizi que acompa\u00f1a al grupo dijo que el objetivo de la visita era principalmente cultural, ver los monumentos arqueol\u00f3gicos e hist\u00f3ricos de la ciudad y de Siria, y detall\u00f3 que los turistas visitaron la Iglesia de Anan\u00edas, la Mezquita Omeya, el mercado Medhat Pasha y varios barrios antiguos de Damasco, y continuar\u00e1n su programa de viaje visitando la ciudad de Alepo.<\/p>\n<p style=\"text-align: justify;\"><img loading=\"lazy\" decoding=\"async\" class=\"size-medium wp-image-322969 alignright\" src=\"http:\/\/sana.sy\/es\/wp-content\/uploads\/2024\/02\/Turistas-europeos-y-estadounidenses-visitan-la-ciudad-vieja-de-Damasco3-1-300x200.jpeg\" alt=\"\" width=\"300\" height=\"200\" srcset=\"https:\/\/archive.sana.sy\/es\/wp-content\/uploads\/2024\/02\/Turistas-europeos-y-estadounidenses-visitan-la-ciudad-vieja-de-Damasco3-1-300x200.jpeg 300w, https:\/\/archive.sana.sy\/es\/wp-content\/uploads\/2024\/02\/Turistas-europeos-y-estadounidenses-visitan-la-ciudad-vieja-de-Damasco3-1-150x100.jpeg 150w, https:\/\/archive.sana.sy\/es\/wp-content\/uploads\/2024\/02\/Turistas-europeos-y-estadounidenses-visitan-la-ciudad-vieja-de-Damasco3-1.jpeg 660w\" sizes=\"(max-width: 300px) 100vw, 300px\" \/><\/p>\n<p style=\"text-align: justify;\">El turista Dominique, procedente de Austria, dijo: \u201cHe estado so\u00f1ando con visitar Siria durante mucho tiempo, y visitamos la hist\u00f3rica Iglesia de Anan\u00edas&#8230; Amo al pueblo sirio, y su amabilidad y simpat\u00eda me llamaron la atenci\u00f3n.\u201d<\/p>\n<p style=\"text-align: justify;\">Por su parte, el turista franc\u00e9s, Mirgen, quien es gu\u00eda tur\u00edstico de una empresa de turismo fuera de Siria, se\u00f1al\u00f3 que su trabajo en una empresa de turismo le dio la oportunidad de visitar muchos pa\u00edses, pero esta es la primera vez que visita Siria, y no ser\u00e1 la \u00faltima, porque Siria es un pa\u00eds hermoso y rico en monumentos arqueol\u00f3gicos y culturales, y se\u00f1al\u00f3 que le result\u00f3 agradable probar la comida siria.<\/p>\n<p style=\"text-align: justify;\">Agreg\u00f3 que la empresa, donde trabaja, ha organizado muchas visitas tur\u00edsticas a Siria desde 2018, e indic\u00f3 que \u00e9l documenta todo lo que ve en este hermoso pa\u00eds a trav\u00e9s de su lente para transmitir la imagen correcta de la vida del pueblo sirio y refutar la noticias falsas que llegan a los pa\u00edses europeos sobre Siria.<\/p>\n<p><img loading=\"lazy\" decoding=\"async\" class=\"wp-image-322970 size-full aligncenter\" src=\"http:\/\/sana.sy\/es\/wp-content\/uploads\/2024\/02\/Turistas-europeos-y-estadounidenses-visitan-la-ciudad-vieja-de-Damasco1.jpeg\" alt=\"\" width=\"660\" height=\"456\" srcset=\"https:\/\/archive.sana.sy\/es\/wp-content\/uploads\/2024\/02\/Turistas-europeos-y-estadounidenses-visitan-la-ciudad-vieja-de-Damasco1.jpeg 660w, https:\/\/archive.sana.sy\/es\/wp-content\/uploads\/2024\/02\/Turistas-europeos-y-estadounidenses-visitan-la-ciudad-vieja-de-Damasco1-300x207.jpeg 300w, https:\/\/archive.sana.sy\/es\/wp-content\/uploads\/2024\/02\/Turistas-europeos-y-estadounidenses-visitan-la-ciudad-vieja-de-Damasco1-150x104.jpeg 150w, https:\/\/archive.sana.sy\/es\/wp-content\/uploads\/2024\/02\/Turistas-europeos-y-estadounidenses-visitan-la-ciudad-vieja-de-Damasco1-110x75.jpeg 110w\" sizes=\"(max-width: 660px) 100vw, 660px\" \/> <img loading=\"lazy\" decoding=\"async\" class=\"wp-image-322971 size-full aligncenter\" src=\"http:\/\/sana.sy\/es\/wp-content\/uploads\/2024\/02\/Turistas-europeos-y-estadounidenses-visitan-la-ciudad-vieja-de-Damasco2.jpeg\" alt=\"\" width=\"660\" height=\"454\" srcset=\"https:\/\/archive.sana.sy\/es\/wp-content\/uploads\/2024\/02\/Turistas-europeos-y-estadounidenses-visitan-la-ciudad-vieja-de-Damasco2.jpeg 660w, https:\/\/archive.sana.sy\/es\/wp-content\/uploads\/2024\/02\/Turistas-europeos-y-estadounidenses-visitan-la-ciudad-vieja-de-Damasco2-300x206.jpeg 300w, https:\/\/archive.sana.sy\/es\/wp-content\/uploads\/2024\/02\/Turistas-europeos-y-estadounidenses-visitan-la-ciudad-vieja-de-Damasco2-150x103.jpeg 150w, https:\/\/archive.sana.sy\/es\/wp-content\/uploads\/2024\/02\/Turistas-europeos-y-estadounidenses-visitan-la-ciudad-vieja-de-Damasco2-110x75.jpeg 110w\" sizes=\"(max-width: 660px) 100vw, 660px\" \/><\/p>\n<p style=\"text-align: justify;\">sm<\/p>\n","protected":false},"excerpt":{"rendered":"<p>Damasco, 23 feb (SANA)\u00a0 12 turistas de nacionalidades brit\u00e1nica, eslovaca, irlandesa, francesa, estadounidense y austriaca visitaron hoy la ciudad vieja de Damasco, vieron sus monumentos arqueol\u00f3gicos y religiosos y recorrieron sus mercados y barrios. En declaraciones a SANA, el gu\u00eda tur\u00edstico Muhammad Azizi que acompa\u00f1a al grupo dijo que el objetivo de la visita era &hellip;<\/p>\n","protected":false},"author":39,"featured_media":322973,"comment_status":"closed","ping_status":"closed","sticky":false,"template":"","format":"standard","meta":{"footnotes":""},"categories":[477,597,20724,476,583],"tags":[],"class_list":["post-322966","post","type-post","status-publish","format-standard","has-post-thumbnail","","category-noticias-edulcorantes","category-cinta-de-noticias","category-minuto-a-minuto","category-locales","category-slide"],"_links":{"self":[{"href":"https:\/\/archive.sana.sy\/es\/index.php?rest_route=\/wp\/v2\/posts\/322966"}],"collection":[{"href":"https:\/\/archive.sana.sy\/es\/index.php?rest_route=\/wp\/v2\/posts"}],"about":[{"href":"https:\/\/archive.sana.sy\/es\/index.php?rest_route=\/wp\/v2\/types\/post"}],"author":[{"embeddable":true,"href":"https:\/\/archive.sana.sy\/es\/index.php?rest_route=\/wp\/v2\/users\/39"}],"replies":[{"embeddable":true,"href":"https:\/\/archive.sana.sy\/es\/index.php?rest_route=%2Fwp%2Fv2%2Fcomments&post=322966"}],"version-history":[{"count":1,"href":"https:\/\/archive.sana.sy\/es\/index.php?rest_route=\/wp\/v2\/posts\/322966\/revisions"}],"predecessor-version":[{"id":322972,"href":"https:\/\/archive.sana.sy\/es\/index.php?rest_route=\/wp\/v2\/posts\/322966\/revisions\/322972"}],"wp:featuredmedia":[{"embeddable":true,"href":"https:\/\/archive.sana.sy\/es\/index.php?rest_route=\/wp\/v2\/media\/322973"}],"wp:attachment":[{"href":"https:\/\/archive.sana.sy\/es\/index.php?rest_route=%2Fwp%2Fv2%2Fmedia&parent=322966"}],"wp:term":[{"taxonomy":"category","embeddable":true,"href":"https:\/\/archive.sana.sy\/es\/index.php?rest_route=%2Fwp%2Fv2%2Fcategories&post=322966"},{"taxonomy":"post_tag","embeddable":true,"href":"https:\/\/archive.sana.sy\/es\/index.php?rest_route=%2Fwp%2Fv2%2Ftags&post=322966"}],"curies":[{"name":"wp","href":"https:\/\/api.w.org\/{rel}","templated":true}]}}