{"id":322995,"date":"2024-02-24T08:56:36","date_gmt":"2024-02-24T05:56:36","guid":{"rendered":"https:\/\/sana.sy\/es\/?p=322995"},"modified":"2024-02-24T08:56:36","modified_gmt":"2024-02-24T05:56:36","slug":"lula-reitera-lo-que-esta-haciendo-israel-no-es-guerra-es-genocidio","status":"publish","type":"post","link":"https:\/\/archive.sana.sy\/es\/?p=322995","title":{"rendered":"Lula reitera: &#8220;lo que est\u00e1 haciendo Israel no es guerra, es genocidio&#8221;"},"content":{"rendered":"<p><span style=\"color: #800000;\"><strong>Brasilia, 24 feb (SANA)<\/strong><\/span> El presidente brasile\u00f1o, Luiz In\u00e1cio Lula da Silva, ratific\u00f3 hoy que Israel perpetra un genocidio contra el pueblo de Palestina, en la Franja de Gaza.<\/p>\n<p>En una publicaci\u00f3n en sus redes, el mandatario brasile\u00f1o dijo que no cambiar\u00eda su &#8220;dignidad por una falsedad&#8221;. &#8220;Estoy a favor de la creaci\u00f3n de un Estado palestino libre y soberano. Lo que est\u00e1 haciendo Israel no es una guerra, es un genocidio. Est\u00e1n asesinando a ni\u00f1os y mujeres&#8221;, afirm\u00f3 Lula.<\/p>\n<p>El fundador del Partido de los Trabajadores invit\u00f3 a que lean la entrevista que dio en Etiop\u00eda \u00aben vez de juzgarme por lo que dijo Netanyahu. Lo que sucede es un genocidio\u00bb.<\/p>\n<p>Para Lula, \u00abno mueren soldados, sino mujeres y ni\u00f1os\u00bb palestinos en la sitiada Franja de Gaza, donde desde el 7 de octubre se registran m\u00e1s de 29 mil vidas perdidas.<\/p>\n<p>Lula compar\u00f3 el pasado domingo la ofensiva militar israel\u00ed sobre Gaza con el Holocausto cometido por el dictador de Alemania, Adolfo Hitler, contra los jud\u00edos en la Segunda Guerra Mundial.<\/p>\n<p>fm\/ed<\/p>\n","protected":false},"excerpt":{"rendered":"<p>Brasilia, 24 feb (SANA) El presidente brasile\u00f1o, Luiz In\u00e1cio Lula da Silva, ratific\u00f3 hoy que Israel perpetra un genocidio contra el pueblo de Palestina, en la Franja de Gaza. En una publicaci\u00f3n en sus redes, el mandatario brasile\u00f1o dijo que no cambiar\u00eda su &#8220;dignidad por una falsedad&#8221;. &#8220;Estoy a favor de la creaci\u00f3n de un &hellip;<\/p>\n","protected":false},"author":32,"featured_media":322996,"comment_status":"closed","ping_status":"closed","sticky":false,"template":"","format":"standard","meta":{"footnotes":""},"categories":[597,456,20724,583],"tags":[],"class_list":["post-322995","post","type-post","status-publish","format-standard","has-post-thumbnail","","category-cinta-de-noticias","category-arabe-internacional-politica","category-minuto-a-minuto","category-slide"],"_links":{"self":[{"href":"https:\/\/archive.sana.sy\/es\/index.php?rest_route=\/wp\/v2\/posts\/322995"}],"collection":[{"href":"https:\/\/archive.sana.sy\/es\/index.php?rest_route=\/wp\/v2\/posts"}],"about":[{"href":"https:\/\/archive.sana.sy\/es\/index.php?rest_route=\/wp\/v2\/types\/post"}],"author":[{"embeddable":true,"href":"https:\/\/archive.sana.sy\/es\/index.php?rest_route=\/wp\/v2\/users\/32"}],"replies":[{"embeddable":true,"href":"https:\/\/archive.sana.sy\/es\/index.php?rest_route=%2Fwp%2Fv2%2Fcomments&post=322995"}],"version-history":[{"count":1,"href":"https:\/\/archive.sana.sy\/es\/index.php?rest_route=\/wp\/v2\/posts\/322995\/revisions"}],"predecessor-version":[{"id":322997,"href":"https:\/\/archive.sana.sy\/es\/index.php?rest_route=\/wp\/v2\/posts\/322995\/revisions\/322997"}],"wp:featuredmedia":[{"embeddable":true,"href":"https:\/\/archive.sana.sy\/es\/index.php?rest_route=\/wp\/v2\/media\/322996"}],"wp:attachment":[{"href":"https:\/\/archive.sana.sy\/es\/index.php?rest_route=%2Fwp%2Fv2%2Fmedia&parent=322995"}],"wp:term":[{"taxonomy":"category","embeddable":true,"href":"https:\/\/archive.sana.sy\/es\/index.php?rest_route=%2Fwp%2Fv2%2Fcategories&post=322995"},{"taxonomy":"post_tag","embeddable":true,"href":"https:\/\/archive.sana.sy\/es\/index.php?rest_route=%2Fwp%2Fv2%2Ftags&post=322995"}],"curies":[{"name":"wp","href":"https:\/\/api.w.org\/{rel}","templated":true}]}}