{"id":323017,"date":"2024-02-24T12:31:56","date_gmt":"2024-02-24T09:31:56","guid":{"rendered":"https:\/\/sana.sy\/es\/?p=323017"},"modified":"2024-02-24T13:14:11","modified_gmt":"2024-02-24T10:14:11","slug":"200-soldados-ucranianos-se-rinden-en-avdeyevka-anuncia-defensa-ruso","status":"publish","type":"post","link":"https:\/\/archive.sana.sy\/es\/?p=323017","title":{"rendered":"200 soldados ucranianos se rinden en Avd\u00e9yevka, anuncia Defensa ruso"},"content":{"rendered":"<p style=\"text-align: justify;\"><strong><span style=\"color: #800000;\">Mosc\u00fa, 24 feb (SANA)\u00a0<\/span><\/strong> El Ministerio de Defensa ruso anunci\u00f3 la rendici\u00f3n de cientos de soldados ucranianos en Avd\u00e9yevka, Rep\u00fablica Popular de Donetsk, tras su liberaci\u00f3n la semana pasada.<\/p>\n<p style=\"text-align: justify;\">El ente castrense citando al comandante de las unidades del Centro Ruso, Andrei Mordvichev, difundi\u00f3 que 200 soldados ucranianos se hab\u00edan rendido en masa en la mencionada localidad.<\/p>\n<p style=\"text-align: justify;\">El 17 de este mes, el ej\u00e9rcito ruso hab\u00eda anunciado su control total sobre la ciudad de Avd\u00e9yevka en la Rep\u00fablica Popular de Donetsk.<\/p>\n<p style=\"text-align: justify;\">sm<\/p>\n","protected":false},"excerpt":{"rendered":"<p>Mosc\u00fa, 24 feb (SANA)\u00a0 El Ministerio de Defensa ruso anunci\u00f3 la rendici\u00f3n de cientos de soldados ucranianos en Avd\u00e9yevka, Rep\u00fablica Popular de Donetsk, tras su liberaci\u00f3n la semana pasada. El ente castrense citando al comandante de las unidades del Centro Ruso, Andrei Mordvichev, difundi\u00f3 que 200 soldados ucranianos se hab\u00edan rendido en masa en la &hellip;<\/p>\n","protected":false},"author":39,"featured_media":323018,"comment_status":"closed","ping_status":"closed","sticky":false,"template":"","format":"standard","meta":{"footnotes":""},"categories":[597,456,16687,20724,583],"tags":[],"class_list":["post-323017","post","type-post","status-publish","format-standard","has-post-thumbnail","","category-cinta-de-noticias","category-arabe-internacional-politica","category-internacionales","category-minuto-a-minuto","category-slide"],"_links":{"self":[{"href":"https:\/\/archive.sana.sy\/es\/index.php?rest_route=\/wp\/v2\/posts\/323017"}],"collection":[{"href":"https:\/\/archive.sana.sy\/es\/index.php?rest_route=\/wp\/v2\/posts"}],"about":[{"href":"https:\/\/archive.sana.sy\/es\/index.php?rest_route=\/wp\/v2\/types\/post"}],"author":[{"embeddable":true,"href":"https:\/\/archive.sana.sy\/es\/index.php?rest_route=\/wp\/v2\/users\/39"}],"replies":[{"embeddable":true,"href":"https:\/\/archive.sana.sy\/es\/index.php?rest_route=%2Fwp%2Fv2%2Fcomments&post=323017"}],"version-history":[{"count":1,"href":"https:\/\/archive.sana.sy\/es\/index.php?rest_route=\/wp\/v2\/posts\/323017\/revisions"}],"predecessor-version":[{"id":323019,"href":"https:\/\/archive.sana.sy\/es\/index.php?rest_route=\/wp\/v2\/posts\/323017\/revisions\/323019"}],"wp:featuredmedia":[{"embeddable":true,"href":"https:\/\/archive.sana.sy\/es\/index.php?rest_route=\/wp\/v2\/media\/323018"}],"wp:attachment":[{"href":"https:\/\/archive.sana.sy\/es\/index.php?rest_route=%2Fwp%2Fv2%2Fmedia&parent=323017"}],"wp:term":[{"taxonomy":"category","embeddable":true,"href":"https:\/\/archive.sana.sy\/es\/index.php?rest_route=%2Fwp%2Fv2%2Fcategories&post=323017"},{"taxonomy":"post_tag","embeddable":true,"href":"https:\/\/archive.sana.sy\/es\/index.php?rest_route=%2Fwp%2Fv2%2Ftags&post=323017"}],"curies":[{"name":"wp","href":"https:\/\/api.w.org\/{rel}","templated":true}]}}