{"id":323020,"date":"2024-02-24T12:58:25","date_gmt":"2024-02-24T09:58:25","guid":{"rendered":"https:\/\/sana.sy\/es\/?p=323020"},"modified":"2024-02-24T12:58:25","modified_gmt":"2024-02-24T09:58:25","slug":"israel-intensifica-sus-bombardeos-sobre-gaza-dejando-muertos-y-heridos-a-decenas-de-palestinos","status":"publish","type":"post","link":"https:\/\/archive.sana.sy\/es\/?p=323020","title":{"rendered":"\u201cIsrael\u201d intensifica sus bombardeos sobre Gaza dejando muertos y heridos a decenas de palestinos"},"content":{"rendered":"<p style=\"text-align: justify;\"><span style=\"color: #800000;\"><strong>Jerusal\u00e9n ocupada, 24 feb (SANA)<\/strong> <\/span>Decenas de palestinos fueron asesinados y otros resultaron heridos en los intensos y continuos bombardeos de la ocupaci\u00f3n israel\u00ed sobre la Franja de Gaza, por aire, tierra y mar.<\/p>\n<p style=\"text-align: justify;\">&#8220;Varios palestinos fueron matados en el barrio de Zaytoun en la ciudad de Gaza, y las ambulancias enfrentan dificultades extremas para transportar a los heridos y los cuerpos de los m\u00e1rtires debido a los continuos bombardeos&#8221;, informaron medios de prensa palestinos.<\/p>\n<p style=\"text-align: justify;\">Asimismo, los barrios de Al-Sabra, Tal Al-Hawa y Al-Daraj en la ciudad de Gaza fueron objeto de intensos bombardeos de artiller\u00eda israel\u00ed que causaron heridas a decenas de personas.<\/p>\n<p style=\"text-align: justify;\">Adem\u00e1s, seis personas murieron como resultado del bombardeo de aviones de combate israel\u00edes contra varias casas en Al-Nuseirat, Al-Bureij y Deir Al-Balah en el centro de la Franja de Gaza.<\/p>\n<p style=\"text-align: justify;\">Los bombardeos de la artiller\u00eda de ocupaci\u00f3n israel\u00ed contra las zonas oriental y occidental de la ciudad de Khan Yunis, al sur de la Faja de Gaza, ocasionaron la muerte de dos personas y lesiones a otros.<\/p>\n<p style=\"text-align: justify;\">La cifra de v\u00edctimas como resultado de la actual agresi\u00f3n israel\u00ed a la Franja de Gaza desde el 7 de octubre pasado aument\u00f3 a m\u00e1s de 29.514 muertos y 69.616 heridos, anunci\u00f3 el Ministerio de Salud palestino.<\/p>\n<p style=\"text-align: justify;\">ed\/sm<\/p>\n","protected":false},"excerpt":{"rendered":"<p>Jerusal\u00e9n ocupada, 24 feb (SANA) Decenas de palestinos fueron asesinados y otros resultaron heridos en los intensos y continuos bombardeos de la ocupaci\u00f3n israel\u00ed sobre la Franja de Gaza, por aire, tierra y mar. &#8220;Varios palestinos fueron matados en el barrio de Zaytoun en la ciudad de Gaza, y las ambulancias enfrentan dificultades extremas para &hellip;<\/p>\n","protected":false},"author":32,"featured_media":323021,"comment_status":"closed","ping_status":"closed","sticky":false,"template":"","format":"standard","meta":{"footnotes":""},"categories":[597,456,20724,583],"tags":[],"class_list":["post-323020","post","type-post","status-publish","format-standard","has-post-thumbnail","","category-cinta-de-noticias","category-arabe-internacional-politica","category-minuto-a-minuto","category-slide"],"_links":{"self":[{"href":"https:\/\/archive.sana.sy\/es\/index.php?rest_route=\/wp\/v2\/posts\/323020"}],"collection":[{"href":"https:\/\/archive.sana.sy\/es\/index.php?rest_route=\/wp\/v2\/posts"}],"about":[{"href":"https:\/\/archive.sana.sy\/es\/index.php?rest_route=\/wp\/v2\/types\/post"}],"author":[{"embeddable":true,"href":"https:\/\/archive.sana.sy\/es\/index.php?rest_route=\/wp\/v2\/users\/32"}],"replies":[{"embeddable":true,"href":"https:\/\/archive.sana.sy\/es\/index.php?rest_route=%2Fwp%2Fv2%2Fcomments&post=323020"}],"version-history":[{"count":1,"href":"https:\/\/archive.sana.sy\/es\/index.php?rest_route=\/wp\/v2\/posts\/323020\/revisions"}],"predecessor-version":[{"id":323022,"href":"https:\/\/archive.sana.sy\/es\/index.php?rest_route=\/wp\/v2\/posts\/323020\/revisions\/323022"}],"wp:featuredmedia":[{"embeddable":true,"href":"https:\/\/archive.sana.sy\/es\/index.php?rest_route=\/wp\/v2\/media\/323021"}],"wp:attachment":[{"href":"https:\/\/archive.sana.sy\/es\/index.php?rest_route=%2Fwp%2Fv2%2Fmedia&parent=323020"}],"wp:term":[{"taxonomy":"category","embeddable":true,"href":"https:\/\/archive.sana.sy\/es\/index.php?rest_route=%2Fwp%2Fv2%2Fcategories&post=323020"},{"taxonomy":"post_tag","embeddable":true,"href":"https:\/\/archive.sana.sy\/es\/index.php?rest_route=%2Fwp%2Fv2%2Ftags&post=323020"}],"curies":[{"name":"wp","href":"https:\/\/api.w.org\/{rel}","templated":true}]}}