{"id":323045,"date":"2024-02-24T17:55:34","date_gmt":"2024-02-24T14:55:34","guid":{"rendered":"https:\/\/sana.sy\/es\/?p=323045"},"modified":"2024-02-24T19:47:41","modified_gmt":"2024-02-24T16:47:41","slug":"siria-prioriza-la-liberacion-de-sus-tierras-del-terrorismo-y-la-ocupacion","status":"publish","type":"post","link":"https:\/\/archive.sana.sy\/es\/?p=323045","title":{"rendered":"Siria prioriza la liberaci\u00f3n de sus tierras del terrorismo y la ocupaci\u00f3n"},"content":{"rendered":"<blockquote>\n<p style=\"text-align: justify;\"><span style=\"color: #993300;\">El representante permanente de Siria ante la Liga de Estados \u00c1rabes y jefe de su misi\u00f3n diplom\u00e1tica en Egipto, el embajador Hossam El-Din Aala, consider\u00f3 que la prioridad actual de Siria es liberar el resto de sus tierras del terrorismo y la ocupaci\u00f3n, recuperarse de las consecuencias econ\u00f3micas de la guerra y mejorar las condiciones de vida de los sirios que enfrentan medidas coercitivas occidentales unilaterales criminales.<\/span><\/p>\n<\/blockquote>\n<p style=\"text-align: justify;\"><span style=\"color: #800000;\"><strong>El Cairo, 24 feb (SANA)\u00a0<\/strong><\/span> \u00a0El representante permanente de Siria ante la Liga de Estados \u00c1rabes y jefe de su misi\u00f3n diplom\u00e1tica en Egipto, el embajador Hossam El-Din Aala, consider\u00f3 que la prioridad actual de Siria es liberar el resto de sus tierras del terrorismo y la ocupaci\u00f3n, recuperarse de las consecuencias econ\u00f3micas de la guerra y mejorar las condiciones de vida de los sirios que enfrentan medidas coercitivas occidentales unilaterales criminales.<\/p>\n<p style=\"text-align: justify;\">Al recibir una delegaci\u00f3n del \u201cGrupo de Comunicadores de Apoyo a Siria\u201d el embajador Ala se\u00f1al\u00f3 que la visita de la delegaci\u00f3n a la sede de la embajada siria en El Cairo coincidi\u00f3 con el aniversario de la unidad entre Siria y Egipto, que constituy\u00f3 un importante hito en la historia de los dos pa\u00edses y encarn\u00f3 los profundos lazos entre los dos pueblos hermanos.<\/p>\n<p style=\"text-align: justify;\"><img loading=\"lazy\" decoding=\"async\" class=\"size-medium wp-image-323048 alignleft\" src=\"http:\/\/sana.sy\/es\/wp-content\/uploads\/2024\/02\/photo_2024-02-24_16-19-08-copy-300x195.jpg\" alt=\"\" width=\"300\" height=\"195\" srcset=\"https:\/\/archive.sana.sy\/es\/wp-content\/uploads\/2024\/02\/photo_2024-02-24_16-19-08-copy-300x195.jpg 300w, https:\/\/archive.sana.sy\/es\/wp-content\/uploads\/2024\/02\/photo_2024-02-24_16-19-08-copy-150x98.jpg 150w, https:\/\/archive.sana.sy\/es\/wp-content\/uploads\/2024\/02\/photo_2024-02-24_16-19-08-copy.jpg 660w\" sizes=\"(max-width: 300px) 100vw, 300px\" \/>Agradeci\u00f3 al Grupo por su aporte en apoyar a Siria a enfrentar la guerra terrorista, econ\u00f3mica y medi\u00e1tica, y al transmitir sus hechos a la opini\u00f3n p\u00fablica \u00e1rabe e internacional.<\/p>\n<p style=\"text-align: justify;\">El diplom\u00e1tico explic\u00f3 a los miembros de la delegaci\u00f3n la situaci\u00f3n en Siria despu\u00e9s del \u00e9xito del Ej\u00e9rcito \u00c1rabe Sirio en derrotar al terrorismo y extender la autoridad estatal sobre las tierras sirias.<\/p>\n<p style=\"text-align: justify;\">Destac\u00f3 la importancia de una acci\u00f3n \u00e1rabe conjunta para detener la guerra genocida emprendida por el ocupante israel\u00ed contra la Franja de Gaza y para hacer frente al plan de desplazamiento forzado.<\/p>\n<p style=\"text-align: justify;\">Por su parte, los miembros de la delegaci\u00f3n egipcia reiteraron su plena solidaridad con Siria en su guerra contra el terrorismo y la ocupaci\u00f3n, y ante los ataques israel\u00edes y estadounidenses.<\/p>\n<p style=\"text-align: justify;\">Destacaron la importancia de unir las filas \u00e1rabes para frustrar los planes sionistas dirigidos a liquidar la causa palestina y enfrentar las campa\u00f1as dirigidas a la regi\u00f3n \u00e1rabe y la identidad \u00e1rabe.<\/p>\n<p style=\"text-align: justify;\">La delegaci\u00f3n incluy\u00f3 a Noura Khalaf, secretaria general del Grupo y editora jefe adjunta del peri\u00f3dico Al-Jumhuriya, Khairiya Al-Bashlawi, periodista del peri\u00f3dico Al-Massaa, Mohamed Saad, editor jefe adjunto del peri\u00f3dico Al-Akhbar, y Alaa Abu Zeid, coordinador general del Frente Popular \u00c1rabe para la Unidad.<\/p>\n<p style=\"text-align: justify;\">fm\/rr<\/p>\n","protected":false},"excerpt":{"rendered":"<p>El representante permanente de Siria ante la Liga de Estados \u00c1rabes y jefe de su misi\u00f3n diplom\u00e1tica en Egipto, el embajador Hossam El-Din Aala, consider\u00f3 que la prioridad actual de Siria es liberar el resto de sus tierras del terrorismo y la ocupaci\u00f3n, recuperarse de las consecuencias econ\u00f3micas de la guerra y mejorar las condiciones &hellip;<\/p>\n","protected":false},"author":31,"featured_media":323047,"comment_status":"closed","ping_status":"closed","sticky":false,"template":"","format":"standard","meta":{"footnotes":""},"categories":[597,467,583],"tags":[8253,10571,6553],"class_list":["post-323045","post","type-post","status-publish","format-standard","has-post-thumbnail","","category-cinta-de-noticias","category-siria-y-el-mundo","category-slide","tag-egipto","tag-el-cairo","tag-siria"],"_links":{"self":[{"href":"https:\/\/archive.sana.sy\/es\/index.php?rest_route=\/wp\/v2\/posts\/323045"}],"collection":[{"href":"https:\/\/archive.sana.sy\/es\/index.php?rest_route=\/wp\/v2\/posts"}],"about":[{"href":"https:\/\/archive.sana.sy\/es\/index.php?rest_route=\/wp\/v2\/types\/post"}],"author":[{"embeddable":true,"href":"https:\/\/archive.sana.sy\/es\/index.php?rest_route=\/wp\/v2\/users\/31"}],"replies":[{"embeddable":true,"href":"https:\/\/archive.sana.sy\/es\/index.php?rest_route=%2Fwp%2Fv2%2Fcomments&post=323045"}],"version-history":[{"count":1,"href":"https:\/\/archive.sana.sy\/es\/index.php?rest_route=\/wp\/v2\/posts\/323045\/revisions"}],"predecessor-version":[{"id":323049,"href":"https:\/\/archive.sana.sy\/es\/index.php?rest_route=\/wp\/v2\/posts\/323045\/revisions\/323049"}],"wp:featuredmedia":[{"embeddable":true,"href":"https:\/\/archive.sana.sy\/es\/index.php?rest_route=\/wp\/v2\/media\/323047"}],"wp:attachment":[{"href":"https:\/\/archive.sana.sy\/es\/index.php?rest_route=%2Fwp%2Fv2%2Fmedia&parent=323045"}],"wp:term":[{"taxonomy":"category","embeddable":true,"href":"https:\/\/archive.sana.sy\/es\/index.php?rest_route=%2Fwp%2Fv2%2Fcategories&post=323045"},{"taxonomy":"post_tag","embeddable":true,"href":"https:\/\/archive.sana.sy\/es\/index.php?rest_route=%2Fwp%2Fv2%2Ftags&post=323045"}],"curies":[{"name":"wp","href":"https:\/\/api.w.org\/{rel}","templated":true}]}}