{"id":32308,"date":"2015-10-27T21:19:14","date_gmt":"2015-10-27T18:19:14","guid":{"rendered":"http:\/\/sana.sy\/es\/?p=32308"},"modified":"2015-10-28T13:00:07","modified_gmt":"2015-10-28T10:00:07","slug":"fuerza-aerea-del-ejercito-arabe-destruye-posiciones-y-cuarteles-de-los-terroristas-en-homs-y-hama","status":"publish","type":"post","link":"https:\/\/archive.sana.sy\/es\/?p=32308","title":{"rendered":"Fuerza A\u00e9rea del Ej\u00e9rcito \u00c1rabe destruye posiciones y cuarteles de los terroristas en Homs y Hama"},"content":{"rendered":"<p style=\"text-align: justify\"><span style=\"color: #800000\">Provincias, SANA-\u00a0<\/span>Las Fuerzas Armadas sirias han continuados su ofensiva contra las organizaciones en varios frentes en Alepo, Hama, Latakia, Idleb, Deraa, Damasco-campo y Homs.<\/p>\n<p style=\"text-align: justify\">Una fuente militar inform\u00f3 que aviones de combate del Ej\u00e9rcito \u00c1rabe Sirio destruyeron a varias veh\u00edculos blindados y artillados de las organizaciones terroristas y eliminaron a un gran n\u00famero de integrantes al este de la localidad de Azerya y al sur de Tibaret al-Sakhaneh en el campo norte de la provincia de Hama, en el centro del pa\u00eds.<\/p>\n<p style=\"text-align: justify\"><span style=\"color: #0000ff\">Damasco, campo<\/span><\/p>\n<p style=\"text-align: justify\">Unidades militares destruyen dep\u00f3sito de armas en al-Gutta oriental<\/p>\n<p style=\"text-align: justify\">De acuerdo con una fuente militar, unidades del ej\u00e9rcito destruyeron un dep\u00f3sito de armas de los terroristas del frente al-Nusra en la localidad de Erbin en las afueras de Damasco.<\/p>\n<p style=\"text-align: justify\">La fuente agreg\u00f3 que un n\u00famero de terroristas fueron eliminados a manos del ej\u00e9rcito en la aldea de Mesrab y la localidad de Harasta.<\/p>\n<p style=\"text-align: justify\">De igual manera, una unidad terrestre dirigi\u00f3 duros golpes contra escondites del grupo terrorista llamado (Aynad al-Sham) en el barrio al-Yamiyat en la localidad de Darayah cerca de Damasco.<\/p>\n<p style=\"text-align: justify\"><span style=\"color: #0000ff\">Alepo<\/span><\/p>\n<p style=\"text-align: justify\">En el norte del pa\u00eds, una fuente militar declar\u00f3 que aviones de combate sirios lanzaron ataques contra blancos de la organizaci\u00f3n terrorista del Estado Isl\u00e1mico, inscrita en la lista del terrorismo internacional, en el campo de Alepo.<\/p>\n<p style=\"text-align: justify\">La fuente declar\u00f3 que los ataques se centraron en el poblado de Sheikh Ahmad al sur de la Academia A\u00e9rea, en el campo este de Alepo.<\/p>\n<p style=\"text-align: justify\">Por otro lado, las concentraciones de los terroristas recibieron duros ataques en el eje Azryea-Khanazer, donde numerosos terroristas fueron eliminados y sus equipos militares fueron destruidos.<\/p>\n<p style=\"text-align: justify\"><span style=\"color: #0000ff\">Sweida<\/span><\/p>\n<p style=\"text-align: justify\">En Sweida, una unidad del Ej\u00e9rcito y de las Fuerzas Armadas destruy\u00f3 en cooperaci\u00f3n con los grupos de Defensa del Pueblo, a un veh\u00edculo de la organizaci\u00f3n terrorista del EI, en la zona de Tel Ashihb, en el campo norte de esta provincia sure\u00f1a.<\/p>\n<p style=\"text-align: justify\">El veh\u00edculo qued\u00f3 totalmente destruido y fueron liquidado todos los terroristas que estaban a bordo.<\/p>\n<p style=\"text-align: justify\"><span style=\"color: #0000ff\">Idleb<\/span><\/p>\n<p style=\"text-align: justify\">Fuentes militares confirmaron la destrucci\u00f3n de 12 veh\u00edculos de los terroristas del denominado &#8220;Ej\u00e9rcito de Conquista&#8221; y la muerte de 60 de sus integrantes en las operaciones del ej\u00e9rcito contra sus cuarteles en el campo sur y este de Idleb.<\/p>\n<p style=\"text-align: justify\">Las fuentes precisaron que 10 veh\u00edculos fueron destruidos y 50 terroristas fueron eliminados en un ataque a\u00e9reo contra el poblado de Marata en el Monte Zaweh.<\/p>\n<p style=\"text-align: justify\">En el poblado de Sinyar, las fuerzas armadas destruyeron a dos veh\u00edculos y eliminaron a siete terroristas que trasladaban en los mismos.<\/p>\n<p style=\"text-align: justify\">La mayor\u00eda de terroristas muertos son mercenarios extranjeros de las organizaciones &#8220;Frente al-Nousra &#8221; y &#8220;Jund al-Aqsa&#8221;.<br \/>\nEntre los mercenarios liquidados figuran tres turcos.<\/p>\n<p style=\"text-align: justify\"><span style=\"color: #0000ff\">Homs<\/span><\/p>\n<p style=\"text-align: justify\">En el centro del pa\u00eds, la aviaci\u00f3n militar siria asest\u00f3 duros golpes a posiciones de terroristas del Estado Isl\u00e1mico en el \u00e1rea de al-Bayarat al oeste de la ciudad de Palmira en el campo este de Homs.<\/p>\n<p style=\"text-align: justify\">A consecuencia de estas redadas, se destruyeron varios veh\u00edculos artillados con los pertrechos b\u00e9licos que cargaban.<\/p>\n<p style=\"text-align: justify\">Asimismo, los cazas sirios aniquilaron esta tarde dos refugios del EI en la ciudad de Karyatein junto con los terroristas que se encontraban adentro.<\/p>\n<p><span style=\"color: #0000ff\">Deir ez-Zor<\/span><\/p>\n<p style=\"text-align: justify\">Una unidad militar dirigi\u00f3 fuertes golpes contra escondites del (EI) en barrio al-Hueqa en la ciudad de Deir ez-Zor, seg\u00fan inform\u00f3 una fuente militar.<\/p>\n<p style=\"text-align: justify\">La fuente agreg\u00f3 que un veh\u00edculo equipado con una ametralladora antia\u00e9rea ha sido destruido, adem\u00e1s de acabar con la vida de un n\u00famero de terroristas.<\/p>\n<p><span style=\"color: #0000ff\">Hama<\/span><\/p>\n<p style=\"text-align: justify\">En la provincia c\u00e9ntrica de Hama, la aviaci\u00f3n militar realiz\u00f3 varias redadas contra agrupaciones y escondites del (EI) en el campo oriental de la urbe, seg\u00fan inform\u00f3 una fuente en el terreno.<\/p>\n<p style=\"text-align: justify\">La fuente indic\u00f3 que las operaciones \u00e1reas tuvieron lugar en las aldeas de al-Shij Hilal, Rasem Amun, Yebab y Tenhay donde los terroristas sufrieron significativas p\u00e9rdidas tanto humanas como materiales.<\/p>\n<p><span style=\"color: #333333\">Fady M., Hala B., M.Miri<\/span><\/p>\n","protected":false},"excerpt":{"rendered":"<p>Provincias, SANA-\u00a0Las Fuerzas Armadas sirias han continuados su ofensiva contra las organizaciones en varios frentes en Alepo, Hama, Latakia, Idleb, Deraa, Damasco-campo y Homs. Una fuente militar inform\u00f3 que aviones de combate del Ej\u00e9rcito \u00c1rabe Sirio destruyeron a varias veh\u00edculos blindados y artillados de las organizaciones terroristas y eliminaron a un gran n\u00famero de integrantes &hellip;<\/p>\n","protected":false},"author":1,"featured_media":32309,"comment_status":"closed","ping_status":"closed","sticky":false,"template":"","format":"standard","meta":{"footnotes":""},"categories":[573],"tags":[7192],"class_list":["post-32308","post","type-post","status-publish","format-standard","has-post-thumbnail","","category-la-realidad-de-los-acontecimientos-en-siria","tag-fuerza-aerea-del-ejercito-arabe-destruye-posiciones-y-cuarteles-de-los-terroristas-en-homs-y-hama"],"_links":{"self":[{"href":"https:\/\/archive.sana.sy\/es\/index.php?rest_route=\/wp\/v2\/posts\/32308"}],"collection":[{"href":"https:\/\/archive.sana.sy\/es\/index.php?rest_route=\/wp\/v2\/posts"}],"about":[{"href":"https:\/\/archive.sana.sy\/es\/index.php?rest_route=\/wp\/v2\/types\/post"}],"author":[{"embeddable":true,"href":"https:\/\/archive.sana.sy\/es\/index.php?rest_route=\/wp\/v2\/users\/1"}],"replies":[{"embeddable":true,"href":"https:\/\/archive.sana.sy\/es\/index.php?rest_route=%2Fwp%2Fv2%2Fcomments&post=32308"}],"version-history":[{"count":0,"href":"https:\/\/archive.sana.sy\/es\/index.php?rest_route=\/wp\/v2\/posts\/32308\/revisions"}],"wp:featuredmedia":[{"embeddable":true,"href":"https:\/\/archive.sana.sy\/es\/index.php?rest_route=\/wp\/v2\/media\/32309"}],"wp:attachment":[{"href":"https:\/\/archive.sana.sy\/es\/index.php?rest_route=%2Fwp%2Fv2%2Fmedia&parent=32308"}],"wp:term":[{"taxonomy":"category","embeddable":true,"href":"https:\/\/archive.sana.sy\/es\/index.php?rest_route=%2Fwp%2Fv2%2Fcategories&post=32308"},{"taxonomy":"post_tag","embeddable":true,"href":"https:\/\/archive.sana.sy\/es\/index.php?rest_route=%2Fwp%2Fv2%2Ftags&post=32308"}],"curies":[{"name":"wp","href":"https:\/\/api.w.org\/{rel}","templated":true}]}}