{"id":323219,"date":"2024-02-27T11:44:46","date_gmt":"2024-02-27T08:44:46","guid":{"rendered":"https:\/\/sana.sy\/es\/?p=323219"},"modified":"2024-02-27T16:00:35","modified_gmt":"2024-02-27T13:00:35","slug":"ejercito-sirio-captura-a-varios-terroristas-de-daesh-en-sweida-e-incauta-un-gran-deposito-de-armas-fotos","status":"publish","type":"post","link":"https:\/\/archive.sana.sy\/es\/?p=323219","title":{"rendered":"Ej\u00e9rcito sirio captura a varios terroristas de Daesh en Sweida, e incauta un gran dep\u00f3sito de armas (+fotos)"},"content":{"rendered":"<p style=\"text-align: justify;\"><span style=\"color: #800000;\"><strong>Sweida, 27 feb (SANA)<\/strong><\/span> Las Fuerzas Armadas detectaron hoy un dep\u00f3sito de municiones del grupo terrorista Estado Isl\u00e1mico &#8211; Daesh en \u00e1rabe &#8211; en la provincia de Sweida, a unos 100 kil\u00f3metros al sudeste de Damasco, la capital.<\/p>\n<p style=\"text-align: justify;\">De acuerdo con el corresponsal de SANA, varios terroristas fueron capturados por los uniformados sirios.<\/p>\n<p style=\"text-align: justify;\">Una fuente militar inform\u00f3 a SANA que tras la detenci\u00f3n de varios cabecillas de Daesh en una emboscada, y bas\u00e1ndose en sus confesiones, se incaut\u00f3 un almac\u00e9n de municiones que utilizaban como punto de abastecimiento y municiones para sus miembros en el regi\u00f3n sur.<\/p>\n<p style=\"text-align: justify;\">Agreg\u00f3 que el almac\u00e9n incluye grandes cantidades de municiones, incluidos para ca\u00f1ones antia\u00e9reos de 23 mm, municiones met\u00e1licas, entre otras.<br \/>\nLa fuente confirm\u00f3 que las autoridades competentes continuar\u00e1n el cumplimiento de su deber de perseguir a los integrantes y l\u00edderes de la organizaci\u00f3n terrorista hasta erradicarlos de todos el territorio nacional.<\/p>\n<div id='gallery-1' class='gallery galleryid-323219 gallery-columns-1 gallery-size-full'><figure class='gallery-item'>\n\t\t\t<div class='gallery-icon landscape'>\n\t\t\t\t<a href='https:\/\/archive.sana.sy\/es\/wp-content\/uploads\/2024\/02\/photo_2024-02-27_11-42-24.jpg'><img loading=\"lazy\" decoding=\"async\" width=\"1280\" height=\"852\" src=\"https:\/\/archive.sana.sy\/es\/wp-content\/uploads\/2024\/02\/photo_2024-02-27_11-42-24.jpg\" class=\"attachment-full size-full\" alt=\"\" srcset=\"https:\/\/archive.sana.sy\/es\/wp-content\/uploads\/2024\/02\/photo_2024-02-27_11-42-24.jpg 1280w, https:\/\/archive.sana.sy\/es\/wp-content\/uploads\/2024\/02\/photo_2024-02-27_11-42-24-300x200.jpg 300w, https:\/\/archive.sana.sy\/es\/wp-content\/uploads\/2024\/02\/photo_2024-02-27_11-42-24-1024x682.jpg 1024w, https:\/\/archive.sana.sy\/es\/wp-content\/uploads\/2024\/02\/photo_2024-02-27_11-42-24-150x100.jpg 150w, https:\/\/archive.sana.sy\/es\/wp-content\/uploads\/2024\/02\/photo_2024-02-27_11-42-24-768x511.jpg 768w, https:\/\/archive.sana.sy\/es\/wp-content\/uploads\/2024\/02\/photo_2024-02-27_11-42-24-310x205.jpg 310w\" sizes=\"(max-width: 1280px) 100vw, 1280px\" \/><\/a>\n\t\t\t<\/div><\/figure><figure class='gallery-item'>\n\t\t\t<div class='gallery-icon landscape'>\n\t\t\t\t<a href='https:\/\/archive.sana.sy\/es\/wp-content\/uploads\/2024\/02\/photo_2024-02-27_11-52-46.jpg'><img loading=\"lazy\" decoding=\"async\" width=\"1280\" height=\"906\" src=\"https:\/\/archive.sana.sy\/es\/wp-content\/uploads\/2024\/02\/photo_2024-02-27_11-52-46.jpg\" class=\"attachment-full size-full\" alt=\"\" srcset=\"https:\/\/archive.sana.sy\/es\/wp-content\/uploads\/2024\/02\/photo_2024-02-27_11-52-46.jpg 1280w, https:\/\/archive.sana.sy\/es\/wp-content\/uploads\/2024\/02\/photo_2024-02-27_11-52-46-300x212.jpg 300w, https:\/\/archive.sana.sy\/es\/wp-content\/uploads\/2024\/02\/photo_2024-02-27_11-52-46-1024x725.jpg 1024w, https:\/\/archive.sana.sy\/es\/wp-content\/uploads\/2024\/02\/photo_2024-02-27_11-52-46-150x106.jpg 150w, https:\/\/archive.sana.sy\/es\/wp-content\/uploads\/2024\/02\/photo_2024-02-27_11-52-46-768x544.jpg 768w\" sizes=\"(max-width: 1280px) 100vw, 1280px\" \/><\/a>\n\t\t\t<\/div><\/figure><figure class='gallery-item'>\n\t\t\t<div class='gallery-icon landscape'>\n\t\t\t\t<a href='https:\/\/archive.sana.sy\/es\/wp-content\/uploads\/2024\/02\/photo_2024-02-27_10-16-11.jpg'><img loading=\"lazy\" decoding=\"async\" width=\"660\" height=\"408\" src=\"https:\/\/archive.sana.sy\/es\/wp-content\/uploads\/2024\/02\/photo_2024-02-27_10-16-11.jpg\" class=\"attachment-full size-full\" alt=\"\" srcset=\"https:\/\/archive.sana.sy\/es\/wp-content\/uploads\/2024\/02\/photo_2024-02-27_10-16-11.jpg 660w, https:\/\/archive.sana.sy\/es\/wp-content\/uploads\/2024\/02\/photo_2024-02-27_10-16-11-300x185.jpg 300w, https:\/\/archive.sana.sy\/es\/wp-content\/uploads\/2024\/02\/photo_2024-02-27_10-16-11-150x93.jpg 150w\" sizes=\"(max-width: 660px) 100vw, 660px\" \/><\/a>\n\t\t\t<\/div><\/figure><figure class='gallery-item'>\n\t\t\t<div class='gallery-icon landscape'>\n\t\t\t\t<a href='https:\/\/archive.sana.sy\/es\/wp-content\/uploads\/2024\/02\/\u0636\u0628\u0637-\u0623\u0633\u0644\u062d\u0629-660x330-2.jpg'><img loading=\"lazy\" decoding=\"async\" width=\"600\" height=\"285\" src=\"https:\/\/archive.sana.sy\/es\/wp-content\/uploads\/2024\/02\/\u0636\u0628\u0637-\u0623\u0633\u0644\u062d\u0629-660x330-2.jpg\" class=\"attachment-full size-full\" alt=\"\" srcset=\"https:\/\/archive.sana.sy\/es\/wp-content\/uploads\/2024\/02\/\u0636\u0628\u0637-\u0623\u0633\u0644\u062d\u0629-660x330-2.jpg 600w, https:\/\/archive.sana.sy\/es\/wp-content\/uploads\/2024\/02\/\u0636\u0628\u0637-\u0623\u0633\u0644\u062d\u0629-660x330-2-300x143.jpg 300w, https:\/\/archive.sana.sy\/es\/wp-content\/uploads\/2024\/02\/\u0636\u0628\u0637-\u0623\u0633\u0644\u062d\u0629-660x330-2-150x71.jpg 150w\" sizes=\"(max-width: 600px) 100vw, 600px\" \/><\/a>\n\t\t\t<\/div><\/figure>\n\t\t<\/div>\n\n<p style=\"text-align: justify;\">fm\/as<\/p>\n","protected":false},"excerpt":{"rendered":"<p>Sweida, 27 feb (SANA) Las Fuerzas Armadas detectaron hoy un dep\u00f3sito de municiones del grupo terrorista Estado Isl\u00e1mico &#8211; Daesh en \u00e1rabe &#8211; en la provincia de Sweida, a unos 100 kil\u00f3metros al sudeste de Damasco, la capital. De acuerdo con el corresponsal de SANA, varios terroristas fueron capturados por los uniformados sirios. Una fuente &hellip;<\/p>\n","protected":false},"author":42,"featured_media":323220,"comment_status":"closed","ping_status":"closed","sticky":false,"template":"","format":"standard","meta":{"footnotes":""},"categories":[597,20724,476,16688,583],"tags":[],"class_list":["post-323219","post","type-post","status-publish","format-standard","has-post-thumbnail","","category-cinta-de-noticias","category-minuto-a-minuto","category-locales","category-nacionales","category-slide"],"_links":{"self":[{"href":"https:\/\/archive.sana.sy\/es\/index.php?rest_route=\/wp\/v2\/posts\/323219"}],"collection":[{"href":"https:\/\/archive.sana.sy\/es\/index.php?rest_route=\/wp\/v2\/posts"}],"about":[{"href":"https:\/\/archive.sana.sy\/es\/index.php?rest_route=\/wp\/v2\/types\/post"}],"author":[{"embeddable":true,"href":"https:\/\/archive.sana.sy\/es\/index.php?rest_route=\/wp\/v2\/users\/42"}],"replies":[{"embeddable":true,"href":"https:\/\/archive.sana.sy\/es\/index.php?rest_route=%2Fwp%2Fv2%2Fcomments&post=323219"}],"version-history":[{"count":4,"href":"https:\/\/archive.sana.sy\/es\/index.php?rest_route=\/wp\/v2\/posts\/323219\/revisions"}],"predecessor-version":[{"id":323266,"href":"https:\/\/archive.sana.sy\/es\/index.php?rest_route=\/wp\/v2\/posts\/323219\/revisions\/323266"}],"wp:featuredmedia":[{"embeddable":true,"href":"https:\/\/archive.sana.sy\/es\/index.php?rest_route=\/wp\/v2\/media\/323220"}],"wp:attachment":[{"href":"https:\/\/archive.sana.sy\/es\/index.php?rest_route=%2Fwp%2Fv2%2Fmedia&parent=323219"}],"wp:term":[{"taxonomy":"category","embeddable":true,"href":"https:\/\/archive.sana.sy\/es\/index.php?rest_route=%2Fwp%2Fv2%2Fcategories&post=323219"},{"taxonomy":"post_tag","embeddable":true,"href":"https:\/\/archive.sana.sy\/es\/index.php?rest_route=%2Fwp%2Fv2%2Ftags&post=323219"}],"curies":[{"name":"wp","href":"https:\/\/api.w.org\/{rel}","templated":true}]}}