{"id":323229,"date":"2024-02-27T12:17:27","date_gmt":"2024-02-27T09:17:27","guid":{"rendered":"https:\/\/sana.sy\/es\/?p=323229"},"modified":"2024-02-27T12:17:27","modified_gmt":"2024-02-27T09:17:27","slug":"el-minuto-a-minuto-de-la-agresion-israeli-a-gaza-38","status":"publish","type":"post","link":"https:\/\/archive.sana.sy\/es\/?p=323229","title":{"rendered":"El minuto a minuto de la agresi\u00f3n israel\u00ed a Gaza"},"content":{"rendered":"<p style=\"text-align: justify;\"><span style=\"color: #800000;\"><strong>Jerusal\u00e9n ocupada, 27 feb (SANA)<\/strong><\/span><strong> A continuaci\u00f3n, los desarrollos m\u00e1s relevantes de la agresi\u00f3n israel\u00ed contra la Franja de Gaza:<\/strong><\/p>\n<p style=\"text-align: justify;\">???????? Durante las \u00faltimas 24 horas, el ocupante israel\u00ed cometi\u00f3 11 masacres en la Franja de Gaza, matando a 96 palestinos e hiriendo a otros 172.<\/p>\n<p style=\"text-align: justify;\">????????El n\u00famero total de v\u00edctimas de la actual agresi\u00f3n en Gaza durante 144 d\u00edas aument\u00f3 a 29.878 muertos y 70.215 heridos.<\/p>\n<p style=\"text-align: justify;\">???????? La resistencia libanesa ataca con una tanda de misiles la base de control a\u00e9reo israel\u00ed de Meron, en el monte Al-Jarmak.<\/p>\n","protected":false},"excerpt":{"rendered":"<p>Jerusal\u00e9n ocupada, 27 feb (SANA) A continuaci\u00f3n, los desarrollos m\u00e1s relevantes de la agresi\u00f3n israel\u00ed contra la Franja de Gaza: ???????? Durante las \u00faltimas 24 horas, el ocupante israel\u00ed cometi\u00f3 11 masacres en la Franja de Gaza, matando a 96 palestinos e hiriendo a otros 172. ????????El n\u00famero total de v\u00edctimas de la actual agresi\u00f3n &hellip;<\/p>\n","protected":false},"author":42,"featured_media":323231,"comment_status":"closed","ping_status":"closed","sticky":false,"template":"","format":"standard","meta":{"footnotes":""},"categories":[597,20724,583],"tags":[],"class_list":["post-323229","post","type-post","status-publish","format-standard","has-post-thumbnail","","category-cinta-de-noticias","category-minuto-a-minuto","category-slide"],"_links":{"self":[{"href":"https:\/\/archive.sana.sy\/es\/index.php?rest_route=\/wp\/v2\/posts\/323229"}],"collection":[{"href":"https:\/\/archive.sana.sy\/es\/index.php?rest_route=\/wp\/v2\/posts"}],"about":[{"href":"https:\/\/archive.sana.sy\/es\/index.php?rest_route=\/wp\/v2\/types\/post"}],"author":[{"embeddable":true,"href":"https:\/\/archive.sana.sy\/es\/index.php?rest_route=\/wp\/v2\/users\/42"}],"replies":[{"embeddable":true,"href":"https:\/\/archive.sana.sy\/es\/index.php?rest_route=%2Fwp%2Fv2%2Fcomments&post=323229"}],"version-history":[{"count":1,"href":"https:\/\/archive.sana.sy\/es\/index.php?rest_route=\/wp\/v2\/posts\/323229\/revisions"}],"predecessor-version":[{"id":323232,"href":"https:\/\/archive.sana.sy\/es\/index.php?rest_route=\/wp\/v2\/posts\/323229\/revisions\/323232"}],"wp:featuredmedia":[{"embeddable":true,"href":"https:\/\/archive.sana.sy\/es\/index.php?rest_route=\/wp\/v2\/media\/323231"}],"wp:attachment":[{"href":"https:\/\/archive.sana.sy\/es\/index.php?rest_route=%2Fwp%2Fv2%2Fmedia&parent=323229"}],"wp:term":[{"taxonomy":"category","embeddable":true,"href":"https:\/\/archive.sana.sy\/es\/index.php?rest_route=%2Fwp%2Fv2%2Fcategories&post=323229"},{"taxonomy":"post_tag","embeddable":true,"href":"https:\/\/archive.sana.sy\/es\/index.php?rest_route=%2Fwp%2Fv2%2Ftags&post=323229"}],"curies":[{"name":"wp","href":"https:\/\/api.w.org\/{rel}","templated":true}]}}