{"id":323267,"date":"2024-02-27T16:12:51","date_gmt":"2024-02-27T13:12:51","guid":{"rendered":"https:\/\/sana.sy\/es\/?p=323267"},"modified":"2024-02-27T16:12:51","modified_gmt":"2024-02-27T13:12:51","slug":"el-ejercito-de-ocupacion-israeli-anuncia-la-muerte-de-uno-de-sus-soldados-durante-los-enfrentamientos-con-la-resistencia-palestina-en-la-franja-de-gaza","status":"publish","type":"post","link":"https:\/\/archive.sana.sy\/es\/?p=323267","title":{"rendered":"\u00a0El ej\u00e9rcito de ocupaci\u00f3n israel\u00ed anuncia la muerte de uno de sus soldados durante los enfrentamientos con la resistencia palestina en la Franja de Gaza"},"content":{"rendered":"","protected":false},"excerpt":{"rendered":"","protected":false},"author":42,"featured_media":0,"comment_status":"closed","ping_status":"closed","sticky":false,"template":"","format":"standard","meta":{"footnotes":""},"categories":[20724,596],"tags":[],"class_list":["post-323267","post","type-post","status-publish","format-standard","","category-minuto-a-minuto","category-urgente"],"_links":{"self":[{"href":"https:\/\/archive.sana.sy\/es\/index.php?rest_route=\/wp\/v2\/posts\/323267"}],"collection":[{"href":"https:\/\/archive.sana.sy\/es\/index.php?rest_route=\/wp\/v2\/posts"}],"about":[{"href":"https:\/\/archive.sana.sy\/es\/index.php?rest_route=\/wp\/v2\/types\/post"}],"author":[{"embeddable":true,"href":"https:\/\/archive.sana.sy\/es\/index.php?rest_route=\/wp\/v2\/users\/42"}],"replies":[{"embeddable":true,"href":"https:\/\/archive.sana.sy\/es\/index.php?rest_route=%2Fwp%2Fv2%2Fcomments&post=323267"}],"version-history":[{"count":1,"href":"https:\/\/archive.sana.sy\/es\/index.php?rest_route=\/wp\/v2\/posts\/323267\/revisions"}],"predecessor-version":[{"id":323268,"href":"https:\/\/archive.sana.sy\/es\/index.php?rest_route=\/wp\/v2\/posts\/323267\/revisions\/323268"}],"wp:attachment":[{"href":"https:\/\/archive.sana.sy\/es\/index.php?rest_route=%2Fwp%2Fv2%2Fmedia&parent=323267"}],"wp:term":[{"taxonomy":"category","embeddable":true,"href":"https:\/\/archive.sana.sy\/es\/index.php?rest_route=%2Fwp%2Fv2%2Fcategories&post=323267"},{"taxonomy":"post_tag","embeddable":true,"href":"https:\/\/archive.sana.sy\/es\/index.php?rest_route=%2Fwp%2Fv2%2Ftags&post=323267"}],"curies":[{"name":"wp","href":"https:\/\/api.w.org\/{rel}","templated":true}]}}