{"id":323301,"date":"2024-02-28T06:51:28","date_gmt":"2024-02-28T03:51:28","guid":{"rendered":"https:\/\/sana.sy\/es\/?p=323301"},"modified":"2024-02-28T06:51:28","modified_gmt":"2024-02-28T03:51:28","slug":"ministro-del-interior-de-siria-se-reune-con-su-homologo-de-iraq","status":"publish","type":"post","link":"https:\/\/archive.sana.sy\/es\/?p=323301","title":{"rendered":"Ministro del Interior de Siria se re\u00fane con su hom\u00f3logo de Iraq"},"content":{"rendered":"<p style=\"text-align: justify;\"><span style=\"color: #800000;\"><strong>T\u00fanez, 28 feb (SANA)\u00a0\u00a0<\/strong> <\/span>En el marco de la cuadrag\u00e9sima primera reuni\u00f3n del Consejo de Ministros del Interior \u00c1rabes que se celebra en T\u00fanez, el ministro sirio del Interior, Muhammad Al-Rahmoun, repas\u00f3 con su hom\u00f3logo iraqu\u00ed, Abdul Amir Al-Shammari, el fortalecimiento de la cooperaci\u00f3n conjunta en materia de seguridad, especialmente en el \u00e1mbito de la lucha contra el contrabando y el control de fronteras.<\/p>\n<p style=\"text-align: justify;\">Durante el encuentro, que tuvo lugar en presencia de la delegaci\u00f3n siria y del embajador Mohamed Mohamed, los dos ministros analizaron tambi\u00e9n las formas de enfrentar conjuntamente todas las formas de crimen organizado que afectan la seguridad de los dos pa\u00edses hermanos.<\/p>\n<p style=\"text-align: justify;\">Al-Rahmoun tambi\u00e9n se reuni\u00f3 con Abdul Majeed Al-Benyan, rector de la Universidad \u00c1rabe Naif de Ciencias de la Seguridad, con quien examin\u00f3 los aspectos de cooperaci\u00f3n conjunta en los campos de capacitaci\u00f3n y calificaci\u00f3n en seguridad.<\/p>\n<p style=\"text-align: justify;\">Al-Benyan afirm\u00f3 su disposici\u00f3n a proporcionar todo el apoyo y las instalaciones necesarias para activar la cooperaci\u00f3n cient\u00edfica conjunta relacionada con la calificaci\u00f3n de cuadros humanos en el Ministerio del Interior sirio.<\/p>\n<p style=\"text-align: justify;\">La v\u00edspera, comenzaron en la capital tunecina los trabajos de la cuadrag\u00e9sima primera sesi\u00f3n del Consejo de Ministros \u00e1rabes del Interior, en presencia del secretario general del Consejo, Muhammad bin Ali Koman, y de varios ministros \u00e1rabes del Interior.<\/p>\n<p style=\"text-align: justify;\">fm<\/p>\n","protected":false},"excerpt":{"rendered":"<p>T\u00fanez, 28 feb (SANA)\u00a0\u00a0 En el marco de la cuadrag\u00e9sima primera reuni\u00f3n del Consejo de Ministros del Interior \u00c1rabes que se celebra en T\u00fanez, el ministro sirio del Interior, Muhammad Al-Rahmoun, repas\u00f3 con su hom\u00f3logo iraqu\u00ed, Abdul Amir Al-Shammari, el fortalecimiento de la cooperaci\u00f3n conjunta en materia de seguridad, especialmente en el \u00e1mbito de la &hellip;<\/p>\n","protected":false},"author":34,"featured_media":323302,"comment_status":"closed","ping_status":"closed","sticky":false,"template":"","format":"standard","meta":{"footnotes":""},"categories":[597,467,7541],"tags":[],"class_list":["post-323301","post","type-post","status-publish","format-standard","has-post-thumbnail","","category-cinta-de-noticias","category-siria-y-el-mundo","category-ultimas-noticias"],"_links":{"self":[{"href":"https:\/\/archive.sana.sy\/es\/index.php?rest_route=\/wp\/v2\/posts\/323301"}],"collection":[{"href":"https:\/\/archive.sana.sy\/es\/index.php?rest_route=\/wp\/v2\/posts"}],"about":[{"href":"https:\/\/archive.sana.sy\/es\/index.php?rest_route=\/wp\/v2\/types\/post"}],"author":[{"embeddable":true,"href":"https:\/\/archive.sana.sy\/es\/index.php?rest_route=\/wp\/v2\/users\/34"}],"replies":[{"embeddable":true,"href":"https:\/\/archive.sana.sy\/es\/index.php?rest_route=%2Fwp%2Fv2%2Fcomments&post=323301"}],"version-history":[{"count":1,"href":"https:\/\/archive.sana.sy\/es\/index.php?rest_route=\/wp\/v2\/posts\/323301\/revisions"}],"predecessor-version":[{"id":323303,"href":"https:\/\/archive.sana.sy\/es\/index.php?rest_route=\/wp\/v2\/posts\/323301\/revisions\/323303"}],"wp:featuredmedia":[{"embeddable":true,"href":"https:\/\/archive.sana.sy\/es\/index.php?rest_route=\/wp\/v2\/media\/323302"}],"wp:attachment":[{"href":"https:\/\/archive.sana.sy\/es\/index.php?rest_route=%2Fwp%2Fv2%2Fmedia&parent=323301"}],"wp:term":[{"taxonomy":"category","embeddable":true,"href":"https:\/\/archive.sana.sy\/es\/index.php?rest_route=%2Fwp%2Fv2%2Fcategories&post=323301"},{"taxonomy":"post_tag","embeddable":true,"href":"https:\/\/archive.sana.sy\/es\/index.php?rest_route=%2Fwp%2Fv2%2Ftags&post=323301"}],"curies":[{"name":"wp","href":"https:\/\/api.w.org\/{rel}","templated":true}]}}