{"id":323313,"date":"2024-02-28T10:41:24","date_gmt":"2024-02-28T07:41:24","guid":{"rendered":"https:\/\/sana.sy\/es\/?p=323313"},"modified":"2024-02-28T10:41:24","modified_gmt":"2024-02-28T07:41:24","slug":"iran-ante-la-onu-ataques-israelies-contra-siria-violan-el-derecho-internacional","status":"publish","type":"post","link":"https:\/\/archive.sana.sy\/es\/?p=323313","title":{"rendered":"Ir\u00e1n ante la ONU: Ataques israel\u00edes contra Siria violan el derecho internacional"},"content":{"rendered":"<p style=\"text-align: justify;\"><span style=\"color: #800000;\"><strong>Nueva York, 28 feb (SANA)<\/strong><\/span> El embajador y representante permanente de Ir\u00e1n ante las Naciones Unidas, Amir Saeed Irani, dijo hoy que el terrorismo y la ocupaci\u00f3n de partes del territorio sirio est\u00e1n obstaculizando el proceso de lograr la completa estabilidad en el pa\u00eds, adem\u00e1s de los continuos ataques israel\u00edes a los territorios de sta naci\u00f3n \u00e1rabe, en una flagrante violaci\u00f3n del derecho internacional.<\/p>\n<p style=\"text-align: justify;\">En la reuni\u00f3n del Consejo de Seguridad sobre la situaci\u00f3n en Siria, el delegado persa dijo que &#8220;las constantes agresiones israel\u00edes contra Siria complican la situaci\u00f3n all\u00ed, detienen las actividades humanitarias e interrumpen la llegada de ayuda humanitaria&#8221;.<\/p>\n<p style=\"text-align: justify;\">Reiter\u00f3 la condena de Ir\u00e1n a la entidad israel\u00ed que comete esta flagrante violaci\u00f3n del derecho internacional.<\/p>\n<p style=\"text-align: justify;\">Por otro lado, Irani consider\u00f3 que todas las fuerzas extranjeras presentes ilegalmente en Siria deben abandonar el pa\u00eds sin condiciones previas ni demoras, y reiter\u00f3 la posici\u00f3n de su pa\u00eds que pide encontrar una soluci\u00f3n pol\u00edtica a la crisis en Siria que respete la soberan\u00eda, la integridad y la integridad territorial del pa\u00eds.<\/p>\n<p style=\"text-align: justify;\">Seg\u00fan el diplom\u00e1tico, las medidas unilaterales occidentales exacerban el sufrimiento humanitario del pueblo sirio, y reiter\u00f3 la condena de Teher\u00e1n al saqueo de las riquezas naturales del pueblo sirio en las \u00e1reas ocupadas por las fuerzas estadounidenses.<\/p>\n<p style=\"text-align: justify;\">fm\/as<\/p>\n","protected":false},"excerpt":{"rendered":"<p>Nueva York, 28 feb (SANA) El embajador y representante permanente de Ir\u00e1n ante las Naciones Unidas, Amir Saeed Irani, dijo hoy que el terrorismo y la ocupaci\u00f3n de partes del territorio sirio est\u00e1n obstaculizando el proceso de lograr la completa estabilidad en el pa\u00eds, adem\u00e1s de los continuos ataques israel\u00edes a los territorios de sta &hellip;<\/p>\n","protected":false},"author":42,"featured_media":323314,"comment_status":"closed","ping_status":"closed","sticky":false,"template":"","format":"standard","meta":{"footnotes":""},"categories":[597,20724,467,7541],"tags":[],"class_list":["post-323313","post","type-post","status-publish","format-standard","has-post-thumbnail","","category-cinta-de-noticias","category-minuto-a-minuto","category-siria-y-el-mundo","category-ultimas-noticias"],"_links":{"self":[{"href":"https:\/\/archive.sana.sy\/es\/index.php?rest_route=\/wp\/v2\/posts\/323313"}],"collection":[{"href":"https:\/\/archive.sana.sy\/es\/index.php?rest_route=\/wp\/v2\/posts"}],"about":[{"href":"https:\/\/archive.sana.sy\/es\/index.php?rest_route=\/wp\/v2\/types\/post"}],"author":[{"embeddable":true,"href":"https:\/\/archive.sana.sy\/es\/index.php?rest_route=\/wp\/v2\/users\/42"}],"replies":[{"embeddable":true,"href":"https:\/\/archive.sana.sy\/es\/index.php?rest_route=%2Fwp%2Fv2%2Fcomments&post=323313"}],"version-history":[{"count":1,"href":"https:\/\/archive.sana.sy\/es\/index.php?rest_route=\/wp\/v2\/posts\/323313\/revisions"}],"predecessor-version":[{"id":323315,"href":"https:\/\/archive.sana.sy\/es\/index.php?rest_route=\/wp\/v2\/posts\/323313\/revisions\/323315"}],"wp:featuredmedia":[{"embeddable":true,"href":"https:\/\/archive.sana.sy\/es\/index.php?rest_route=\/wp\/v2\/media\/323314"}],"wp:attachment":[{"href":"https:\/\/archive.sana.sy\/es\/index.php?rest_route=%2Fwp%2Fv2%2Fmedia&parent=323313"}],"wp:term":[{"taxonomy":"category","embeddable":true,"href":"https:\/\/archive.sana.sy\/es\/index.php?rest_route=%2Fwp%2Fv2%2Fcategories&post=323313"},{"taxonomy":"post_tag","embeddable":true,"href":"https:\/\/archive.sana.sy\/es\/index.php?rest_route=%2Fwp%2Fv2%2Ftags&post=323313"}],"curies":[{"name":"wp","href":"https:\/\/api.w.org\/{rel}","templated":true}]}}