{"id":323316,"date":"2024-02-28T11:06:25","date_gmt":"2024-02-28T08:06:25","guid":{"rendered":"https:\/\/sana.sy\/es\/?p=323316"},"modified":"2024-02-28T11:06:25","modified_gmt":"2024-02-28T08:06:25","slug":"ejercito-israeli-reconoce-la-muerte-de-dos-de-sus-oficiales-en-gaza","status":"publish","type":"post","link":"https:\/\/archive.sana.sy\/es\/?p=323316","title":{"rendered":"Ej\u00e9rcito israel\u00ed reconoce la muerte de dos de sus oficiales en Gaza"},"content":{"rendered":"<p style=\"text-align: justify;\"><span style=\"color: #800000;\"><strong>Jerusal\u00e9n ocupada, 28 feb (SANA) <\/strong><\/span>El ej\u00e9rcito de ocupaci\u00f3n israel\u00ed anunci\u00f3 hoy la muerte de dos de sus oficiales, mientras siete soldados resultaron gravemente heridos, durante los enfrentamientos con la resistencia palestina, en el norte de la Franja de Gaza.<\/p>\n<p style=\"text-align: justify;\">La v\u00edspera, \u201cIsrael\u201d reconoci\u00f3 que un oficial con rango de mayor fue eliminado durante los combates en Gaza.<\/p>\n<p style=\"text-align: justify;\">A su vez, los medios de prensa israel\u00edes informaron que, durante las \u00faltimas horas, 11 soldados fueron heridos durante las batallas en Gaza.<img loading=\"lazy\" decoding=\"async\" class=\"size-medium wp-image-323317 alignright\" src=\"http:\/\/sana.sy\/es\/wp-content\/uploads\/2024\/02\/photo_2024-02-28_11-03-28-300x150.jpg\" alt=\"\" width=\"300\" height=\"150\" srcset=\"https:\/\/archive.sana.sy\/es\/wp-content\/uploads\/2024\/02\/photo_2024-02-28_11-03-28-300x150.jpg 300w, https:\/\/archive.sana.sy\/es\/wp-content\/uploads\/2024\/02\/photo_2024-02-28_11-03-28-150x75.jpg 150w, https:\/\/archive.sana.sy\/es\/wp-content\/uploads\/2024\/02\/photo_2024-02-28_11-03-28.jpg 600w\" sizes=\"(max-width: 300px) 100vw, 300px\" \/><\/p>\n<p style=\"text-align: justify;\">La cifra de bajas reconocidas por el ocupante israel\u00ed desde el inicio de su agresi\u00f3n en Gaza aument\u00f3 a 583 oficiales y soldados, incluidos 243 que cayeron en combates terrestres dentro de Gaza.<\/p>\n<p style=\"text-align: justify;\">Las im\u00e1genes y v\u00eddeos publicados por la resistencia palestina muestran que las bajas entre fuerzas israel\u00edes son mucho mayores de lo que se anuncia.<\/p>\n<p style=\"text-align: justify;\">as\/fm<\/p>\n","protected":false},"excerpt":{"rendered":"<p>Jerusal\u00e9n ocupada, 28 feb (SANA) El ej\u00e9rcito de ocupaci\u00f3n israel\u00ed anunci\u00f3 hoy la muerte de dos de sus oficiales, mientras siete soldados resultaron gravemente heridos, durante los enfrentamientos con la resistencia palestina, en el norte de la Franja de Gaza. La v\u00edspera, \u201cIsrael\u201d reconoci\u00f3 que un oficial con rango de mayor fue eliminado durante los &hellip;<\/p>\n","protected":false},"author":42,"featured_media":323318,"comment_status":"closed","ping_status":"closed","sticky":false,"template":"","format":"standard","meta":{"footnotes":""},"categories":[597,456,16687,20724,583],"tags":[],"class_list":["post-323316","post","type-post","status-publish","format-standard","has-post-thumbnail","","category-cinta-de-noticias","category-arabe-internacional-politica","category-internacionales","category-minuto-a-minuto","category-slide"],"_links":{"self":[{"href":"https:\/\/archive.sana.sy\/es\/index.php?rest_route=\/wp\/v2\/posts\/323316"}],"collection":[{"href":"https:\/\/archive.sana.sy\/es\/index.php?rest_route=\/wp\/v2\/posts"}],"about":[{"href":"https:\/\/archive.sana.sy\/es\/index.php?rest_route=\/wp\/v2\/types\/post"}],"author":[{"embeddable":true,"href":"https:\/\/archive.sana.sy\/es\/index.php?rest_route=\/wp\/v2\/users\/42"}],"replies":[{"embeddable":true,"href":"https:\/\/archive.sana.sy\/es\/index.php?rest_route=%2Fwp%2Fv2%2Fcomments&post=323316"}],"version-history":[{"count":1,"href":"https:\/\/archive.sana.sy\/es\/index.php?rest_route=\/wp\/v2\/posts\/323316\/revisions"}],"predecessor-version":[{"id":323319,"href":"https:\/\/archive.sana.sy\/es\/index.php?rest_route=\/wp\/v2\/posts\/323316\/revisions\/323319"}],"wp:featuredmedia":[{"embeddable":true,"href":"https:\/\/archive.sana.sy\/es\/index.php?rest_route=\/wp\/v2\/media\/323318"}],"wp:attachment":[{"href":"https:\/\/archive.sana.sy\/es\/index.php?rest_route=%2Fwp%2Fv2%2Fmedia&parent=323316"}],"wp:term":[{"taxonomy":"category","embeddable":true,"href":"https:\/\/archive.sana.sy\/es\/index.php?rest_route=%2Fwp%2Fv2%2Fcategories&post=323316"},{"taxonomy":"post_tag","embeddable":true,"href":"https:\/\/archive.sana.sy\/es\/index.php?rest_route=%2Fwp%2Fv2%2Ftags&post=323316"}],"curies":[{"name":"wp","href":"https:\/\/api.w.org\/{rel}","templated":true}]}}