{"id":323342,"date":"2024-02-28T14:39:55","date_gmt":"2024-02-28T11:39:55","guid":{"rendered":"https:\/\/sana.sy\/es\/?p=323342"},"modified":"2024-02-28T14:57:50","modified_gmt":"2024-02-28T11:57:50","slug":"presidente-al-assad-la-relacion-entre-siria-y-rusia-tiene-dimension-social-y-popular","status":"publish","type":"post","link":"https:\/\/archive.sana.sy\/es\/?p=323342","title":{"rendered":"Presidente Al-Assad: La relaci\u00f3n entre Siria y Rusia tiene dimensi\u00f3n social y popular"},"content":{"rendered":"<p style=\"text-align: justify;\"><span style=\"color: #800000;\"><strong>Damasco, 28 feb (SANA) <\/strong><\/span>La relaci\u00f3n entre Siria y Rusia y su futuro no se limita \u00fanicamente a la pol\u00edtica, econom\u00eda o la cooperaci\u00f3n militar, sino que va m\u00e1s all\u00e1 a la dimensi\u00f3n popular y social, afirm\u00f3 el presidente sirio Bashar Al-Assad.<\/p>\n<p style=\"text-align: justify;\">Durante su reuni\u00f3n con los participantes en el campamento juvenil sirio-ruso, el mandatario asegur\u00f3 que la juventud en los dos pa\u00edses crear\u00e1 una nueva forma y contenido para esa relaci\u00f3n en el futuro.<\/p>\n<p style=\"text-align: justify;\">\u201cUstedes y yo nos adherimos a nuestros principios y dignidad, y hoy compartimos el enfrentamiento a los mismos enemigos y mismas mentiras. Los neonazis en Ucrania atacan a civiles y Rusia es acusada, y lo que ocurri\u00f3 en Siria es exactamente similar\u201d, consider\u00f3 el mandatario.<\/p>\n<p style=\"text-align: justify;\">El Presidente agreg\u00f3 que &#8220;si el presidente Putin no hubiese tomado la decisi\u00f3n de luchar contra el terrorismo en Siria, el n\u00famero de terroristas habr\u00eda aumentado ponencialmente en Rusia.<\/p>\n<p style=\"text-align: justify;\">Algunos preguntan por qu\u00e9 el Presidente Putin envi\u00f3 aviones a Siria? La respuesta: estaba protegiendo Rusia y su pueblo ante todo, afirm\u00f3.<\/p>\n<p>Los j\u00f3venes participantes en el di\u00e1logo plantearon varias opiniones sobre las experiencias sirias y rusas que son similares o comunes en la lucha contra el terrorismo y el extremismo y en el enfrentamiento a la pol\u00edtica unipolar y la tergiversaci\u00f3n medi\u00e1tica.<br \/>\n&#8220;En toda sociedad hay s\u00edmbolos hist\u00f3ricos y patri\u00f3ticos y nadie tiene derecho a atacar a estos s\u00edmbolos\u201d, dijo el gobernante.<\/p>\n<p>Agreg\u00f3 que &#8220;Occidente no guarda hostilidad a Rusia por Ucrania o porque fue un pa\u00eds comunista. Ha sido hostil con Rusia durante tres siglos porque Rusia se estaba transformando de un pa\u00eds d\u00e9bil a un pa\u00eds fuerte, y Occidente no acepta pa\u00edses fuertes\u201d.<\/p>\n<div id='gallery-1' class='gallery galleryid-323342 gallery-columns-1 gallery-size-full'><figure class='gallery-item'>\n\t\t\t<div class='gallery-icon landscape'>\n\t\t\t\t<a href='https:\/\/archive.sana.sy\/es\/wp-content\/uploads\/2024\/02\/2024-02-28-12.21.34.jpg'><img loading=\"lazy\" decoding=\"async\" width=\"1200\" height=\"703\" src=\"https:\/\/archive.sana.sy\/es\/wp-content\/uploads\/2024\/02\/2024-02-28-12.21.34.jpg\" class=\"attachment-full size-full\" alt=\"\" srcset=\"https:\/\/archive.sana.sy\/es\/wp-content\/uploads\/2024\/02\/2024-02-28-12.21.34.jpg 1200w, https:\/\/archive.sana.sy\/es\/wp-content\/uploads\/2024\/02\/2024-02-28-12.21.34-300x176.jpg 300w, https:\/\/archive.sana.sy\/es\/wp-content\/uploads\/2024\/02\/2024-02-28-12.21.34-1024x600.jpg 1024w, https:\/\/archive.sana.sy\/es\/wp-content\/uploads\/2024\/02\/2024-02-28-12.21.34-150x88.jpg 150w, https:\/\/archive.sana.sy\/es\/wp-content\/uploads\/2024\/02\/2024-02-28-12.21.34-768x450.jpg 768w\" sizes=\"(max-width: 1200px) 100vw, 1200px\" \/><\/a>\n\t\t\t<\/div><\/figure><figure class='gallery-item'>\n\t\t\t<div class='gallery-icon landscape'>\n\t\t\t\t<a href='https:\/\/archive.sana.sy\/es\/wp-content\/uploads\/2024\/02\/24_02_27_MP_\u0645\u0644\u062a\u0642\u06499_\u0627\u0644\u0634\u0628\u0627\u0628_\u0627\u0644\u0633\u0648\u0631\u064a_\u0627\u0644\u0631\u0648\u0633\u064a_\u0627\u0644\u0623\u0648\u0644_3-1.jpg'><img loading=\"lazy\" decoding=\"async\" width=\"1200\" height=\"871\" src=\"https:\/\/archive.sana.sy\/es\/wp-content\/uploads\/2024\/02\/24_02_27_MP_\u0645\u0644\u062a\u0642\u06499_\u0627\u0644\u0634\u0628\u0627\u0628_\u0627\u0644\u0633\u0648\u0631\u064a_\u0627\u0644\u0631\u0648\u0633\u064a_\u0627\u0644\u0623\u0648\u0644_3-1.jpg\" class=\"attachment-full size-full\" alt=\"\" srcset=\"https:\/\/archive.sana.sy\/es\/wp-content\/uploads\/2024\/02\/24_02_27_MP_\u0645\u0644\u062a\u0642\u06499_\u0627\u0644\u0634\u0628\u0627\u0628_\u0627\u0644\u0633\u0648\u0631\u064a_\u0627\u0644\u0631\u0648\u0633\u064a_\u0627\u0644\u0623\u0648\u0644_3-1.jpg 1200w, https:\/\/archive.sana.sy\/es\/wp-content\/uploads\/2024\/02\/24_02_27_MP_\u0645\u0644\u062a\u0642\u06499_\u0627\u0644\u0634\u0628\u0627\u0628_\u0627\u0644\u0633\u0648\u0631\u064a_\u0627\u0644\u0631\u0648\u0633\u064a_\u0627\u0644\u0623\u0648\u0644_3-1-300x218.jpg 300w, https:\/\/archive.sana.sy\/es\/wp-content\/uploads\/2024\/02\/24_02_27_MP_\u0645\u0644\u062a\u0642\u06499_\u0627\u0644\u0634\u0628\u0627\u0628_\u0627\u0644\u0633\u0648\u0631\u064a_\u0627\u0644\u0631\u0648\u0633\u064a_\u0627\u0644\u0623\u0648\u0644_3-1-1024x743.jpg 1024w, https:\/\/archive.sana.sy\/es\/wp-content\/uploads\/2024\/02\/24_02_27_MP_\u0645\u0644\u062a\u0642\u06499_\u0627\u0644\u0634\u0628\u0627\u0628_\u0627\u0644\u0633\u0648\u0631\u064a_\u0627\u0644\u0631\u0648\u0633\u064a_\u0627\u0644\u0623\u0648\u0644_3-1-150x109.jpg 150w, https:\/\/archive.sana.sy\/es\/wp-content\/uploads\/2024\/02\/24_02_27_MP_\u0645\u0644\u062a\u0642\u06499_\u0627\u0644\u0634\u0628\u0627\u0628_\u0627\u0644\u0633\u0648\u0631\u064a_\u0627\u0644\u0631\u0648\u0633\u064a_\u0627\u0644\u0623\u0648\u0644_3-1-768x557.jpg 768w\" sizes=\"(max-width: 1200px) 100vw, 1200px\" \/><\/a>\n\t\t\t<\/div><\/figure><figure class='gallery-item'>\n\t\t\t<div class='gallery-icon landscape'>\n\t\t\t\t<a href='https:\/\/archive.sana.sy\/es\/wp-content\/uploads\/2024\/02\/Tweter.jpg'><img loading=\"lazy\" decoding=\"async\" width=\"1200\" height=\"531\" src=\"https:\/\/archive.sana.sy\/es\/wp-content\/uploads\/2024\/02\/Tweter.jpg\" class=\"attachment-full size-full\" alt=\"\" srcset=\"https:\/\/archive.sana.sy\/es\/wp-content\/uploads\/2024\/02\/Tweter.jpg 1200w, https:\/\/archive.sana.sy\/es\/wp-content\/uploads\/2024\/02\/Tweter-300x133.jpg 300w, https:\/\/archive.sana.sy\/es\/wp-content\/uploads\/2024\/02\/Tweter-1024x453.jpg 1024w, https:\/\/archive.sana.sy\/es\/wp-content\/uploads\/2024\/02\/Tweter-150x66.jpg 150w, https:\/\/archive.sana.sy\/es\/wp-content\/uploads\/2024\/02\/Tweter-768x340.jpg 768w\" sizes=\"(max-width: 1200px) 100vw, 1200px\" \/><\/a>\n\t\t\t<\/div><\/figure><figure class='gallery-item'>\n\t\t\t<div class='gallery-icon landscape'>\n\t\t\t\t<a href='https:\/\/archive.sana.sy\/es\/wp-content\/uploads\/2024\/02\/DSC00530\u0644\u0642\u0627\u0621_\u0627\u0644\u0645\u0644\u062a\u0642\u0649_\u0627\u0644\u0634\u0628\u0627\u0628\u064a_\u0627\u0644\u0631\u0648\u0633\u064a_\u0627\u0644\u0623\u0648\u0644_18.jpg'><img loading=\"lazy\" decoding=\"async\" width=\"1200\" height=\"955\" src=\"https:\/\/archive.sana.sy\/es\/wp-content\/uploads\/2024\/02\/DSC00530\u0644\u0642\u0627\u0621_\u0627\u0644\u0645\u0644\u062a\u0642\u0649_\u0627\u0644\u0634\u0628\u0627\u0628\u064a_\u0627\u0644\u0631\u0648\u0633\u064a_\u0627\u0644\u0623\u0648\u0644_18.jpg\" class=\"attachment-full size-full\" alt=\"\" srcset=\"https:\/\/archive.sana.sy\/es\/wp-content\/uploads\/2024\/02\/DSC00530\u0644\u0642\u0627\u0621_\u0627\u0644\u0645\u0644\u062a\u0642\u0649_\u0627\u0644\u0634\u0628\u0627\u0628\u064a_\u0627\u0644\u0631\u0648\u0633\u064a_\u0627\u0644\u0623\u0648\u0644_18.jpg 1200w, https:\/\/archive.sana.sy\/es\/wp-content\/uploads\/2024\/02\/DSC00530\u0644\u0642\u0627\u0621_\u0627\u0644\u0645\u0644\u062a\u0642\u0649_\u0627\u0644\u0634\u0628\u0627\u0628\u064a_\u0627\u0644\u0631\u0648\u0633\u064a_\u0627\u0644\u0623\u0648\u0644_18-300x239.jpg 300w, https:\/\/archive.sana.sy\/es\/wp-content\/uploads\/2024\/02\/DSC00530\u0644\u0642\u0627\u0621_\u0627\u0644\u0645\u0644\u062a\u0642\u0649_\u0627\u0644\u0634\u0628\u0627\u0628\u064a_\u0627\u0644\u0631\u0648\u0633\u064a_\u0627\u0644\u0623\u0648\u0644_18-1024x815.jpg 1024w, https:\/\/archive.sana.sy\/es\/wp-content\/uploads\/2024\/02\/DSC00530\u0644\u0642\u0627\u0621_\u0627\u0644\u0645\u0644\u062a\u0642\u0649_\u0627\u0644\u0634\u0628\u0627\u0628\u064a_\u0627\u0644\u0631\u0648\u0633\u064a_\u0627\u0644\u0623\u0648\u0644_18-150x119.jpg 150w, https:\/\/archive.sana.sy\/es\/wp-content\/uploads\/2024\/02\/DSC00530\u0644\u0642\u0627\u0621_\u0627\u0644\u0645\u0644\u062a\u0642\u0649_\u0627\u0644\u0634\u0628\u0627\u0628\u064a_\u0627\u0644\u0631\u0648\u0633\u064a_\u0627\u0644\u0623\u0648\u0644_18-768x611.jpg 768w\" sizes=\"(max-width: 1200px) 100vw, 1200px\" \/><\/a>\n\t\t\t<\/div><\/figure><figure class='gallery-item'>\n\t\t\t<div class='gallery-icon portrait'>\n\t\t\t\t<a href='https:\/\/archive.sana.sy\/es\/wp-content\/uploads\/2024\/02\/24_02_27_MP_\u0645\u0644\u062a\u0642\u0649_\u0627\u0644\u0634\u0628\u0627\u0628_\u0627\u0644\u0633\u0648\u0631\u064a_\u0627\u0644\u0631\u0648\u0633\u064a_\u0627\u0644\u0623\u0648\u0644_52_3.jpg'><img loading=\"lazy\" decoding=\"async\" width=\"1200\" height=\"1585\" src=\"https:\/\/archive.sana.sy\/es\/wp-content\/uploads\/2024\/02\/24_02_27_MP_\u0645\u0644\u062a\u0642\u0649_\u0627\u0644\u0634\u0628\u0627\u0628_\u0627\u0644\u0633\u0648\u0631\u064a_\u0627\u0644\u0631\u0648\u0633\u064a_\u0627\u0644\u0623\u0648\u0644_52_3.jpg\" class=\"attachment-full size-full\" alt=\"\" srcset=\"https:\/\/archive.sana.sy\/es\/wp-content\/uploads\/2024\/02\/24_02_27_MP_\u0645\u0644\u062a\u0642\u0649_\u0627\u0644\u0634\u0628\u0627\u0628_\u0627\u0644\u0633\u0648\u0631\u064a_\u0627\u0644\u0631\u0648\u0633\u064a_\u0627\u0644\u0623\u0648\u0644_52_3.jpg 1200w, https:\/\/archive.sana.sy\/es\/wp-content\/uploads\/2024\/02\/24_02_27_MP_\u0645\u0644\u062a\u0642\u0649_\u0627\u0644\u0634\u0628\u0627\u0628_\u0627\u0644\u0633\u0648\u0631\u064a_\u0627\u0644\u0631\u0648\u0633\u064a_\u0627\u0644\u0623\u0648\u0644_52_3-227x300.jpg 227w, https:\/\/archive.sana.sy\/es\/wp-content\/uploads\/2024\/02\/24_02_27_MP_\u0645\u0644\u062a\u0642\u0649_\u0627\u0644\u0634\u0628\u0627\u0628_\u0627\u0644\u0633\u0648\u0631\u064a_\u0627\u0644\u0631\u0648\u0633\u064a_\u0627\u0644\u0623\u0648\u0644_52_3-775x1024.jpg 775w, https:\/\/archive.sana.sy\/es\/wp-content\/uploads\/2024\/02\/24_02_27_MP_\u0645\u0644\u062a\u0642\u0649_\u0627\u0644\u0634\u0628\u0627\u0628_\u0627\u0644\u0633\u0648\u0631\u064a_\u0627\u0644\u0631\u0648\u0633\u064a_\u0627\u0644\u0623\u0648\u0644_52_3-114x150.jpg 114w, https:\/\/archive.sana.sy\/es\/wp-content\/uploads\/2024\/02\/24_02_27_MP_\u0645\u0644\u062a\u0642\u0649_\u0627\u0644\u0634\u0628\u0627\u0628_\u0627\u0644\u0633\u0648\u0631\u064a_\u0627\u0644\u0631\u0648\u0633\u064a_\u0627\u0644\u0623\u0648\u0644_52_3-768x1014.jpg 768w, https:\/\/archive.sana.sy\/es\/wp-content\/uploads\/2024\/02\/24_02_27_MP_\u0645\u0644\u062a\u0642\u0649_\u0627\u0644\u0634\u0628\u0627\u0628_\u0627\u0644\u0633\u0648\u0631\u064a_\u0627\u0644\u0631\u0648\u0633\u064a_\u0627\u0644\u0623\u0648\u0644_52_3-1163x1536.jpg 1163w\" sizes=\"(max-width: 1200px) 100vw, 1200px\" \/><\/a>\n\t\t\t<\/div><\/figure>\n\t\t<\/div>\n\n<p style=\"text-align: justify;\"><strong>fm\/as<\/strong><\/p>\n<p>&nbsp;<\/p>\n<p>&nbsp;<\/p>\n","protected":false},"excerpt":{"rendered":"<p>Damasco, 28 feb (SANA) La relaci\u00f3n entre Siria y Rusia y su futuro no se limita \u00fanicamente a la pol\u00edtica, econom\u00eda o la cooperaci\u00f3n militar, sino que va m\u00e1s all\u00e1 a la dimensi\u00f3n popular y social, afirm\u00f3 el presidente sirio Bashar Al-Assad. Durante su reuni\u00f3n con los participantes en el campamento juvenil sirio-ruso, el mandatario &hellip;<\/p>\n","protected":false},"author":42,"featured_media":323347,"comment_status":"closed","ping_status":"closed","sticky":false,"template":"","format":"standard","meta":{"footnotes":""},"categories":[597,20724,16237,583,626],"tags":[],"class_list":["post-323342","post","type-post","status-publish","format-standard","has-post-thumbnail","","category-cinta-de-noticias","category-minuto-a-minuto","category-presidence-de-la-republique-arabe-syria","category-slide","category-sr-presidente"],"_links":{"self":[{"href":"https:\/\/archive.sana.sy\/es\/index.php?rest_route=\/wp\/v2\/posts\/323342"}],"collection":[{"href":"https:\/\/archive.sana.sy\/es\/index.php?rest_route=\/wp\/v2\/posts"}],"about":[{"href":"https:\/\/archive.sana.sy\/es\/index.php?rest_route=\/wp\/v2\/types\/post"}],"author":[{"embeddable":true,"href":"https:\/\/archive.sana.sy\/es\/index.php?rest_route=\/wp\/v2\/users\/42"}],"replies":[{"embeddable":true,"href":"https:\/\/archive.sana.sy\/es\/index.php?rest_route=%2Fwp%2Fv2%2Fcomments&post=323342"}],"version-history":[{"count":7,"href":"https:\/\/archive.sana.sy\/es\/index.php?rest_route=\/wp\/v2\/posts\/323342\/revisions"}],"predecessor-version":[{"id":323382,"href":"https:\/\/archive.sana.sy\/es\/index.php?rest_route=\/wp\/v2\/posts\/323342\/revisions\/323382"}],"wp:featuredmedia":[{"embeddable":true,"href":"https:\/\/archive.sana.sy\/es\/index.php?rest_route=\/wp\/v2\/media\/323347"}],"wp:attachment":[{"href":"https:\/\/archive.sana.sy\/es\/index.php?rest_route=%2Fwp%2Fv2%2Fmedia&parent=323342"}],"wp:term":[{"taxonomy":"category","embeddable":true,"href":"https:\/\/archive.sana.sy\/es\/index.php?rest_route=%2Fwp%2Fv2%2Fcategories&post=323342"},{"taxonomy":"post_tag","embeddable":true,"href":"https:\/\/archive.sana.sy\/es\/index.php?rest_route=%2Fwp%2Fv2%2Ftags&post=323342"}],"curies":[{"name":"wp","href":"https:\/\/api.w.org\/{rel}","templated":true}]}}