{"id":323384,"date":"2024-02-28T15:26:46","date_gmt":"2024-02-28T12:26:46","guid":{"rendered":"https:\/\/sana.sy\/es\/?p=323384"},"modified":"2024-02-28T15:26:46","modified_gmt":"2024-02-28T12:26:46","slug":"israel-asesino-a-76-palestinos-en-gaza-durante-las-ultimas-24-horas","status":"publish","type":"post","link":"https:\/\/archive.sana.sy\/es\/?p=323384","title":{"rendered":"Israel asesin\u00f3 a 76 palestinos en Gaza durante las \u00faltimas 24 horas"},"content":{"rendered":"<p style=\"text-align: justify;\"><span style=\"color: #800000;\"><strong>Jerusal\u00e9n ocupada, 28 feb (SANA) <\/strong><\/span>El Ministerio palestino de Salud anunci\u00f3 hoy que el ej\u00e9rcito de ocupaci\u00f3n israel\u00ed cometi\u00f3 8 masacres en la Franja de Gaza durante las \u00faltimas 24 horas, cobrando la vida de 76 palestinos mientras 110 resultaron heridos.<\/p>\n<p style=\"text-align: justify;\">En un comunicado, el ente de salud indic\u00f3 que el n\u00famero de v\u00edctimas durante 145 d\u00edas de agresi\u00f3n contra Gaza aument\u00f3 a 29.954 muertos y 70.325 heridos.<\/p>\n<p style=\"text-align: justify;\">Se\u00f1al\u00f3 que un n\u00famero grande de v\u00edctimas todav\u00eda se encuentran bajo los escombros o tirado en las carreteras, ya que el ocupante impide que las ambulancias y los equipos de defensa civil lleguen a ellos.<\/p>\n<p style=\"text-align: justify;\">Durante el d\u00eda de hoy, tres palestinos perdieron la vida y otros resultaron heridos en bombardeo de artiller\u00eda israel\u00ed contra un grupo de palestinos mientras esperaba los camiones de ayuda al oeste de la ciudad de Gaza.<\/p>\n<p style=\"text-align: justify;\">fm\/as<\/p>\n","protected":false},"excerpt":{"rendered":"<p>Jerusal\u00e9n ocupada, 28 feb (SANA) El Ministerio palestino de Salud anunci\u00f3 hoy que el ej\u00e9rcito de ocupaci\u00f3n israel\u00ed cometi\u00f3 8 masacres en la Franja de Gaza durante las \u00faltimas 24 horas, cobrando la vida de 76 palestinos mientras 110 resultaron heridos. En un comunicado, el ente de salud indic\u00f3 que el n\u00famero de v\u00edctimas durante &hellip;<\/p>\n","protected":false},"author":42,"featured_media":323385,"comment_status":"closed","ping_status":"closed","sticky":false,"template":"","format":"standard","meta":{"footnotes":""},"categories":[597,456,16687,20724,7541],"tags":[],"class_list":["post-323384","post","type-post","status-publish","format-standard","has-post-thumbnail","","category-cinta-de-noticias","category-arabe-internacional-politica","category-internacionales","category-minuto-a-minuto","category-ultimas-noticias"],"_links":{"self":[{"href":"https:\/\/archive.sana.sy\/es\/index.php?rest_route=\/wp\/v2\/posts\/323384"}],"collection":[{"href":"https:\/\/archive.sana.sy\/es\/index.php?rest_route=\/wp\/v2\/posts"}],"about":[{"href":"https:\/\/archive.sana.sy\/es\/index.php?rest_route=\/wp\/v2\/types\/post"}],"author":[{"embeddable":true,"href":"https:\/\/archive.sana.sy\/es\/index.php?rest_route=\/wp\/v2\/users\/42"}],"replies":[{"embeddable":true,"href":"https:\/\/archive.sana.sy\/es\/index.php?rest_route=%2Fwp%2Fv2%2Fcomments&post=323384"}],"version-history":[{"count":1,"href":"https:\/\/archive.sana.sy\/es\/index.php?rest_route=\/wp\/v2\/posts\/323384\/revisions"}],"predecessor-version":[{"id":323386,"href":"https:\/\/archive.sana.sy\/es\/index.php?rest_route=\/wp\/v2\/posts\/323384\/revisions\/323386"}],"wp:featuredmedia":[{"embeddable":true,"href":"https:\/\/archive.sana.sy\/es\/index.php?rest_route=\/wp\/v2\/media\/323385"}],"wp:attachment":[{"href":"https:\/\/archive.sana.sy\/es\/index.php?rest_route=%2Fwp%2Fv2%2Fmedia&parent=323384"}],"wp:term":[{"taxonomy":"category","embeddable":true,"href":"https:\/\/archive.sana.sy\/es\/index.php?rest_route=%2Fwp%2Fv2%2Fcategories&post=323384"},{"taxonomy":"post_tag","embeddable":true,"href":"https:\/\/archive.sana.sy\/es\/index.php?rest_route=%2Fwp%2Fv2%2Ftags&post=323384"}],"curies":[{"name":"wp","href":"https:\/\/api.w.org\/{rel}","templated":true}]}}