{"id":323395,"date":"2024-02-28T17:29:55","date_gmt":"2024-02-28T14:29:55","guid":{"rendered":"https:\/\/sana.sy\/es\/?p=323395"},"modified":"2024-02-28T17:29:55","modified_gmt":"2024-02-28T14:29:55","slug":"aviacion-israeli-bombardea-la-aldea-de-al-qarara-al-norte-de-khan-yunis-sur-de-gaza-y-provoca-al-menos-6-victimas-mortales-y-varios-heridos","status":"publish","type":"post","link":"https:\/\/archive.sana.sy\/es\/?p=323395","title":{"rendered":"Aviaci\u00f3n israel\u00ed bombardea la aldea de al-Qarara al norte de Khan Yunis, sur de Gaza, y provoca al menos 6 v\u00edctimas mortales y varios heridos"},"content":{"rendered":"","protected":false},"excerpt":{"rendered":"","protected":false},"author":24,"featured_media":0,"comment_status":"closed","ping_status":"closed","sticky":false,"template":"","format":"standard","meta":{"footnotes":""},"categories":[20724],"tags":[],"class_list":["post-323395","post","type-post","status-publish","format-standard","","category-minuto-a-minuto"],"_links":{"self":[{"href":"https:\/\/archive.sana.sy\/es\/index.php?rest_route=\/wp\/v2\/posts\/323395"}],"collection":[{"href":"https:\/\/archive.sana.sy\/es\/index.php?rest_route=\/wp\/v2\/posts"}],"about":[{"href":"https:\/\/archive.sana.sy\/es\/index.php?rest_route=\/wp\/v2\/types\/post"}],"author":[{"embeddable":true,"href":"https:\/\/archive.sana.sy\/es\/index.php?rest_route=\/wp\/v2\/users\/24"}],"replies":[{"embeddable":true,"href":"https:\/\/archive.sana.sy\/es\/index.php?rest_route=%2Fwp%2Fv2%2Fcomments&post=323395"}],"version-history":[{"count":1,"href":"https:\/\/archive.sana.sy\/es\/index.php?rest_route=\/wp\/v2\/posts\/323395\/revisions"}],"predecessor-version":[{"id":323396,"href":"https:\/\/archive.sana.sy\/es\/index.php?rest_route=\/wp\/v2\/posts\/323395\/revisions\/323396"}],"wp:attachment":[{"href":"https:\/\/archive.sana.sy\/es\/index.php?rest_route=%2Fwp%2Fv2%2Fmedia&parent=323395"}],"wp:term":[{"taxonomy":"category","embeddable":true,"href":"https:\/\/archive.sana.sy\/es\/index.php?rest_route=%2Fwp%2Fv2%2Fcategories&post=323395"},{"taxonomy":"post_tag","embeddable":true,"href":"https:\/\/archive.sana.sy\/es\/index.php?rest_route=%2Fwp%2Fv2%2Ftags&post=323395"}],"curies":[{"name":"wp","href":"https:\/\/api.w.org\/{rel}","templated":true}]}}