{"id":323476,"date":"2024-02-29T13:04:19","date_gmt":"2024-02-29T10:04:19","guid":{"rendered":"https:\/\/sana.sy\/es\/?p=323476"},"modified":"2024-02-29T20:16:34","modified_gmt":"2024-02-29T17:16:34","slug":"cifra-de-palestinos-masacrados-por-israel-en-gaza-supera-los-30-mil","status":"publish","type":"post","link":"https:\/\/archive.sana.sy\/es\/?p=323476","title":{"rendered":"Cifra de palestinos masacrados por Israel en Gaza supera los 30 mil"},"content":{"rendered":"<p style=\"text-align: justify;\"><span style=\"color: #800000;\"><strong>Jerusal\u00e9n ocupada, 29 feb (SANA)<\/strong> <\/span>La cifra de palestinos asesinados por &#8220;Israel&#8221; en Gaza super\u00f3 los 30.000 y los heridos m\u00e1s de 70.000, seg\u00fan inform\u00f3 el Ministerio de Salud palestino.<\/p>\n<p style=\"text-align: justify;\">De acuerdo a un comunicado del ente de salud, Durante las \u00faltimas 24 horas, el ocupante israel\u00ed cometi\u00f3 9 masacres en la Franja de Gaza, matando a 81 personas e hiriendo a otras 132.<\/p>\n<p style=\"text-align: justify;\">El n\u00famero total de v\u00edctimas de la actual agresi\u00f3n que contin\u00faa por 146 d\u00eda consecutivo aumentado a 30 mil 35 muertos y los heridos los 70 mil 457.<\/p>\n<p style=\"text-align: justify;\">Este saldo no incluye los al menos 100 personas que fueron asesinadas hoy y casi mil heridas, en una masacre cometida por el ocupante israel\u00ed en la calle Al-Rashid, al oeste de la ciudad de Gaza, al atacar a ciudadanos que esperaban la ayuda humanitaria.<\/p>\n<p style=\"text-align: justify;\">fm\/ed<\/p>\n","protected":false},"excerpt":{"rendered":"<p>Jerusal\u00e9n ocupada, 29 feb (SANA) La cifra de palestinos asesinados por &#8220;Israel&#8221; en Gaza super\u00f3 los 30.000 y los heridos m\u00e1s de 70.000, seg\u00fan inform\u00f3 el Ministerio de Salud palestino. De acuerdo a un comunicado del ente de salud, Durante las \u00faltimas 24 horas, el ocupante israel\u00ed cometi\u00f3 9 masacres en la Franja de Gaza, &hellip;<\/p>\n","protected":false},"author":32,"featured_media":323477,"comment_status":"closed","ping_status":"closed","sticky":false,"template":"","format":"standard","meta":{"footnotes":""},"categories":[597,456,20724,583],"tags":[],"class_list":["post-323476","post","type-post","status-publish","format-standard","has-post-thumbnail","","category-cinta-de-noticias","category-arabe-internacional-politica","category-minuto-a-minuto","category-slide"],"_links":{"self":[{"href":"https:\/\/archive.sana.sy\/es\/index.php?rest_route=\/wp\/v2\/posts\/323476"}],"collection":[{"href":"https:\/\/archive.sana.sy\/es\/index.php?rest_route=\/wp\/v2\/posts"}],"about":[{"href":"https:\/\/archive.sana.sy\/es\/index.php?rest_route=\/wp\/v2\/types\/post"}],"author":[{"embeddable":true,"href":"https:\/\/archive.sana.sy\/es\/index.php?rest_route=\/wp\/v2\/users\/32"}],"replies":[{"embeddable":true,"href":"https:\/\/archive.sana.sy\/es\/index.php?rest_route=%2Fwp%2Fv2%2Fcomments&post=323476"}],"version-history":[{"count":1,"href":"https:\/\/archive.sana.sy\/es\/index.php?rest_route=\/wp\/v2\/posts\/323476\/revisions"}],"predecessor-version":[{"id":323478,"href":"https:\/\/archive.sana.sy\/es\/index.php?rest_route=\/wp\/v2\/posts\/323476\/revisions\/323478"}],"wp:featuredmedia":[{"embeddable":true,"href":"https:\/\/archive.sana.sy\/es\/index.php?rest_route=\/wp\/v2\/media\/323477"}],"wp:attachment":[{"href":"https:\/\/archive.sana.sy\/es\/index.php?rest_route=%2Fwp%2Fv2%2Fmedia&parent=323476"}],"wp:term":[{"taxonomy":"category","embeddable":true,"href":"https:\/\/archive.sana.sy\/es\/index.php?rest_route=%2Fwp%2Fv2%2Fcategories&post=323476"},{"taxonomy":"post_tag","embeddable":true,"href":"https:\/\/archive.sana.sy\/es\/index.php?rest_route=%2Fwp%2Fv2%2Ftags&post=323476"}],"curies":[{"name":"wp","href":"https:\/\/api.w.org\/{rel}","templated":true}]}}