{"id":323479,"date":"2024-02-29T14:17:14","date_gmt":"2024-02-29T11:17:14","guid":{"rendered":"https:\/\/sana.sy\/es\/?p=323479"},"modified":"2024-02-29T14:30:11","modified_gmt":"2024-02-29T11:30:11","slug":"rusia-captura-a-dos-agentes-ucranianos-en-lugansk","status":"publish","type":"post","link":"https:\/\/archive.sana.sy\/es\/?p=323479","title":{"rendered":"Rusia captura a dos agentes ucranianos en Lugansk"},"content":{"rendered":"<blockquote>\n<p style=\"text-align: justify;\"><strong><span style=\"font-family: georgia, palatino, serif; color: #800000;\">&#8220;Dos residentes recopilaron informaci\u00f3n sobre la ubicaci\u00f3n de las fuerzas rusas, y uno de ellos entreg\u00f3 datos a la inteligencia de Kiev y el segundo a sus fuerzas&#8221;<\/span><\/strong><\/p>\n<\/blockquote>\n<p style=\"text-align: justify;\"><span style=\"font-family: georgia, palatino, serif;\"><span style=\"color: #800000;\"><strong>Mosc\u00fa, 29 feb (SANA)\u00a0<\/strong> <\/span>\u00a0El Servicio Federal de Seguridad de Rusia arrest\u00f3 a dos agentes en la Rep\u00fablica Popular de Lugansk por recopilar informaci\u00f3n sobre el movimiento de las unidades del Ej\u00e9rcito que participan en la operaci\u00f3n militar especial.<\/span><\/p>\n<p style=\"text-align: justify;\">&#8220;Dos residentes recopilaron informaci\u00f3n sobre la ubicaci\u00f3n de las fuerzas rusas, y uno de ellos entreg\u00f3 datos a la inteligencia de Kiev y el segundo a sus fuerzas&#8221;, divulg\u00f3 TASS citando a la Agencia Federal de Seguridad.<\/p>\n<p style=\"text-align: justify;\">ed\/fm<\/p>\n","protected":false},"excerpt":{"rendered":"<p>&#8220;Dos residentes recopilaron informaci\u00f3n sobre la ubicaci\u00f3n de las fuerzas rusas, y uno de ellos entreg\u00f3 datos a la inteligencia de Kiev y el segundo a sus fuerzas&#8221; Mosc\u00fa, 29 feb (SANA)\u00a0 \u00a0El Servicio Federal de Seguridad de Rusia arrest\u00f3 a dos agentes en la Rep\u00fablica Popular de Lugansk por recopilar informaci\u00f3n sobre el movimiento &hellip;<\/p>\n","protected":false},"author":35,"featured_media":323490,"comment_status":"closed","ping_status":"closed","sticky":false,"template":"","format":"standard","meta":{"footnotes":""},"categories":[597,456,16687,20724,7541],"tags":[],"class_list":["post-323479","post","type-post","status-publish","format-standard","has-post-thumbnail","","category-cinta-de-noticias","category-arabe-internacional-politica","category-internacionales","category-minuto-a-minuto","category-ultimas-noticias"],"_links":{"self":[{"href":"https:\/\/archive.sana.sy\/es\/index.php?rest_route=\/wp\/v2\/posts\/323479"}],"collection":[{"href":"https:\/\/archive.sana.sy\/es\/index.php?rest_route=\/wp\/v2\/posts"}],"about":[{"href":"https:\/\/archive.sana.sy\/es\/index.php?rest_route=\/wp\/v2\/types\/post"}],"author":[{"embeddable":true,"href":"https:\/\/archive.sana.sy\/es\/index.php?rest_route=\/wp\/v2\/users\/35"}],"replies":[{"embeddable":true,"href":"https:\/\/archive.sana.sy\/es\/index.php?rest_route=%2Fwp%2Fv2%2Fcomments&post=323479"}],"version-history":[{"count":2,"href":"https:\/\/archive.sana.sy\/es\/index.php?rest_route=\/wp\/v2\/posts\/323479\/revisions"}],"predecessor-version":[{"id":323482,"href":"https:\/\/archive.sana.sy\/es\/index.php?rest_route=\/wp\/v2\/posts\/323479\/revisions\/323482"}],"wp:featuredmedia":[{"embeddable":true,"href":"https:\/\/archive.sana.sy\/es\/index.php?rest_route=\/wp\/v2\/media\/323490"}],"wp:attachment":[{"href":"https:\/\/archive.sana.sy\/es\/index.php?rest_route=%2Fwp%2Fv2%2Fmedia&parent=323479"}],"wp:term":[{"taxonomy":"category","embeddable":true,"href":"https:\/\/archive.sana.sy\/es\/index.php?rest_route=%2Fwp%2Fv2%2Fcategories&post=323479"},{"taxonomy":"post_tag","embeddable":true,"href":"https:\/\/archive.sana.sy\/es\/index.php?rest_route=%2Fwp%2Fv2%2Ftags&post=323479"}],"curies":[{"name":"wp","href":"https:\/\/api.w.org\/{rel}","templated":true}]}}