{"id":323483,"date":"2024-02-29T14:21:57","date_gmt":"2024-02-29T11:21:57","guid":{"rendered":"https:\/\/sana.sy\/es\/?p=323483"},"modified":"2024-02-29T14:21:57","modified_gmt":"2024-02-29T11:21:57","slug":"la-resistencia-libanesa-ataca-una-posicion-del-ejercito-israeli-2","status":"publish","type":"post","link":"https:\/\/archive.sana.sy\/es\/?p=323483","title":{"rendered":"La resistencia libanesa ataca una posici\u00f3n del ej\u00e9rcito israel\u00ed"},"content":{"rendered":"<p style=\"text-align: justify;\"><span style=\"color: #800000;\"><strong>Beirut, 29 feb (SANA)<\/strong><\/span> La resistencia libanesa atac\u00f3 con misiles un punto de despliegue de soldados enemigos israel\u00edes en las proximidades del sitio de Jal al-Alam, en el norte de Palestina ocupada, y logr\u00f3 impactos directos.<\/p>\n<p style=\"text-align: justify;\">\u201cEn apoyo a nuestro firme pueblo palestino en la Franja de Gaza y a su valiente y honorable resistencia, los combatientes de la resistencia atacaron con misiles una reuni\u00f3n de soldados enemigos israel\u00edes en las proximidades del sitio de Jal al-Alam\u201d, afirm\u00f3 la resistencia por medio de un comunicado.<\/p>\n<p style=\"text-align: justify;\">El \u00faltimo mi\u00e9rcoles, los resistentes libaneses atacaron con misiles la posici\u00f3n israel\u00ed \u201cBarkat Risha\u201d en el norte de la Palestina ocupada y los sitios de Ramtha y Al-Samaqa en las granjas libanesas ocupadas de Shebaa, y logrando impactos directos.<\/p>\n<p style=\"text-align: justify;\">ed\/fm<\/p>\n","protected":false},"excerpt":{"rendered":"<p>Beirut, 29 feb (SANA) La resistencia libanesa atac\u00f3 con misiles un punto de despliegue de soldados enemigos israel\u00edes en las proximidades del sitio de Jal al-Alam, en el norte de Palestina ocupada, y logr\u00f3 impactos directos. \u201cEn apoyo a nuestro firme pueblo palestino en la Franja de Gaza y a su valiente y honorable resistencia, &hellip;<\/p>\n","protected":false},"author":32,"featured_media":323484,"comment_status":"closed","ping_status":"closed","sticky":false,"template":"","format":"standard","meta":{"footnotes":""},"categories":[597,456,20724,7541],"tags":[],"class_list":["post-323483","post","type-post","status-publish","format-standard","has-post-thumbnail","","category-cinta-de-noticias","category-arabe-internacional-politica","category-minuto-a-minuto","category-ultimas-noticias"],"_links":{"self":[{"href":"https:\/\/archive.sana.sy\/es\/index.php?rest_route=\/wp\/v2\/posts\/323483"}],"collection":[{"href":"https:\/\/archive.sana.sy\/es\/index.php?rest_route=\/wp\/v2\/posts"}],"about":[{"href":"https:\/\/archive.sana.sy\/es\/index.php?rest_route=\/wp\/v2\/types\/post"}],"author":[{"embeddable":true,"href":"https:\/\/archive.sana.sy\/es\/index.php?rest_route=\/wp\/v2\/users\/32"}],"replies":[{"embeddable":true,"href":"https:\/\/archive.sana.sy\/es\/index.php?rest_route=%2Fwp%2Fv2%2Fcomments&post=323483"}],"version-history":[{"count":1,"href":"https:\/\/archive.sana.sy\/es\/index.php?rest_route=\/wp\/v2\/posts\/323483\/revisions"}],"predecessor-version":[{"id":323485,"href":"https:\/\/archive.sana.sy\/es\/index.php?rest_route=\/wp\/v2\/posts\/323483\/revisions\/323485"}],"wp:featuredmedia":[{"embeddable":true,"href":"https:\/\/archive.sana.sy\/es\/index.php?rest_route=\/wp\/v2\/media\/323484"}],"wp:attachment":[{"href":"https:\/\/archive.sana.sy\/es\/index.php?rest_route=%2Fwp%2Fv2%2Fmedia&parent=323483"}],"wp:term":[{"taxonomy":"category","embeddable":true,"href":"https:\/\/archive.sana.sy\/es\/index.php?rest_route=%2Fwp%2Fv2%2Fcategories&post=323483"},{"taxonomy":"post_tag","embeddable":true,"href":"https:\/\/archive.sana.sy\/es\/index.php?rest_route=%2Fwp%2Fv2%2Ftags&post=323483"}],"curies":[{"name":"wp","href":"https:\/\/api.w.org\/{rel}","templated":true}]}}