{"id":323494,"date":"2024-02-29T15:22:43","date_gmt":"2024-02-29T12:22:43","guid":{"rendered":"https:\/\/sana.sy\/es\/?p=323494"},"modified":"2024-02-29T15:23:55","modified_gmt":"2024-02-29T12:23:55","slug":"siria-y-eau-analizan-perspectivas-de-cooperacion-en-sectores-vitales","status":"publish","type":"post","link":"https:\/\/archive.sana.sy\/es\/?p=323494","title":{"rendered":"Siria y EAU analizan perspectivas de cooperaci\u00f3n en sectores vitales"},"content":{"rendered":"<p style=\"text-align: justify;\"><span style=\"color: #800000;\"><strong>Damasco, 29 feb (SANA)<\/strong> <\/span>El primer ministro sirio Hussein Arnous, recibi\u00f3 hoy al embajador de Emiratos \u00c1rabes Unidos en Damasco, Hassan Ahmed Al-Shehi.<\/p>\n<p style=\"text-align: justify;\">Las dos partes destacaron las profundas y excelentes relaciones hist\u00f3ricas que unen a los dos pa\u00edses y pueblos, y subrayaron la necesidad de aprovecharlas para mejorar la cooperaci\u00f3n bilateral y explorar nuevas perspectivas para la cooperaci\u00f3n en una serie de sectores vitales, de cara a la inestabilidad que viven la regi\u00f3n y el mundo y las dificultades que enfrenta la econom\u00eda global.<\/p>\n<p style=\"text-align: justify;\">El jefe del Ejecutivo explic\u00f3 las acciones del gobierno para revitalizar el sector econ\u00f3mico, especialmente en lo relativo a lo que afecta el nivel de vida de los ciudadanos.<\/p>\n<p style=\"text-align: justify;\">Ofreci\u00f3 tambi\u00e9n una explicaci\u00f3n sobre las ventajas econ\u00f3micas, industriales y agr\u00edcolas que posee Siria, las amplias oportunidades de inversi\u00f3n y la mano de obra calificada.<\/p>\n<p style=\"text-align: justify;\">Arnous expres\u00f3 su agradecimiento a Emiratos \u00c1rabes Unidos por su apoyo al lado del pueblo sirio ante el desastre del terremoto y al brindar ayuda humanitaria y de socorro a los afectados.<\/p>\n<p style=\"text-align: justify;\">El pueblo sirio no olvidar\u00e1 las posiciones de los hermanos y amigos que fueron un verdadero apoyo y ayuda para afrontar las repercusiones del terremoto\u201d, asegur\u00f3.<\/p>\n<p style=\"text-align: justify;\">Por su parte, el embajador emirat\u00ed expres\u00f3 su deseo de mejorar la cooperaci\u00f3n bilateral y desarrollar relaciones hist\u00f3ricas en beneficio de los dos pa\u00edses hermanos.<\/p>\n<p style=\"text-align: justify;\">Hizo \u00e9nfasis en las posibilidades de cooperaci\u00f3n en los campos del medio ambiente, el clima, el agua y otros campos que sirven al inter\u00e9s com\u00fan de los dos pa\u00edses y pueblos hermanos.<\/p>\n<p style=\"text-align: justify;\">fm\/ed<\/p>\n","protected":false},"excerpt":{"rendered":"<p>Damasco, 29 feb (SANA) El primer ministro sirio Hussein Arnous, recibi\u00f3 hoy al embajador de Emiratos \u00c1rabes Unidos en Damasco, Hassan Ahmed Al-Shehi. Las dos partes destacaron las profundas y excelentes relaciones hist\u00f3ricas que unen a los dos pa\u00edses y pueblos, y subrayaron la necesidad de aprovecharlas para mejorar la cooperaci\u00f3n bilateral y explorar nuevas &hellip;<\/p>\n","protected":false},"author":32,"featured_media":323497,"comment_status":"closed","ping_status":"closed","sticky":false,"template":"","format":"standard","meta":{"footnotes":""},"categories":[597,20724,467,583],"tags":[],"class_list":["post-323494","post","type-post","status-publish","format-standard","has-post-thumbnail","","category-cinta-de-noticias","category-minuto-a-minuto","category-siria-y-el-mundo","category-slide"],"_links":{"self":[{"href":"https:\/\/archive.sana.sy\/es\/index.php?rest_route=\/wp\/v2\/posts\/323494"}],"collection":[{"href":"https:\/\/archive.sana.sy\/es\/index.php?rest_route=\/wp\/v2\/posts"}],"about":[{"href":"https:\/\/archive.sana.sy\/es\/index.php?rest_route=\/wp\/v2\/types\/post"}],"author":[{"embeddable":true,"href":"https:\/\/archive.sana.sy\/es\/index.php?rest_route=\/wp\/v2\/users\/32"}],"replies":[{"embeddable":true,"href":"https:\/\/archive.sana.sy\/es\/index.php?rest_route=%2Fwp%2Fv2%2Fcomments&post=323494"}],"version-history":[{"count":1,"href":"https:\/\/archive.sana.sy\/es\/index.php?rest_route=\/wp\/v2\/posts\/323494\/revisions"}],"predecessor-version":[{"id":323496,"href":"https:\/\/archive.sana.sy\/es\/index.php?rest_route=\/wp\/v2\/posts\/323494\/revisions\/323496"}],"wp:featuredmedia":[{"embeddable":true,"href":"https:\/\/archive.sana.sy\/es\/index.php?rest_route=\/wp\/v2\/media\/323497"}],"wp:attachment":[{"href":"https:\/\/archive.sana.sy\/es\/index.php?rest_route=%2Fwp%2Fv2%2Fmedia&parent=323494"}],"wp:term":[{"taxonomy":"category","embeddable":true,"href":"https:\/\/archive.sana.sy\/es\/index.php?rest_route=%2Fwp%2Fv2%2Fcategories&post=323494"},{"taxonomy":"post_tag","embeddable":true,"href":"https:\/\/archive.sana.sy\/es\/index.php?rest_route=%2Fwp%2Fv2%2Ftags&post=323494"}],"curies":[{"name":"wp","href":"https:\/\/api.w.org\/{rel}","templated":true}]}}