{"id":323498,"date":"2024-02-29T16:04:38","date_gmt":"2024-02-29T13:04:38","guid":{"rendered":"https:\/\/sana.sy\/es\/?p=323498"},"modified":"2024-02-29T16:04:50","modified_gmt":"2024-02-29T13:04:50","slug":"soldados-estadounidenses-queman-sus-uniformes-en-solidaridad-con-aaron-bushnell-y-gaza","status":"publish","type":"post","link":"https:\/\/archive.sana.sy\/es\/?p=323498","title":{"rendered":"Soldados estadounidenses queman sus uniformes en solidaridad con Aaron Bushnell y Gaza"},"content":{"rendered":"<p style=\"text-align: justify;\"><span style=\"color: #800000;\"><strong>Washington, 29 feb (SANA)<\/strong> <\/span>Ex soldados estadounidenses quemaron sus uniformes militares en solidaridad con el soldado Aaron Bushnell, quien se quem\u00f3 frente a la embajada de \u201cIsrael\u201d en Washington en protesta por las masacres genocidas cometidas por el ocupante israel\u00ed contra el pueblo palestino.<\/p>\n<p style=\"text-align: justify;\">&#8220;Los\u00a0 soldados efectuaron una ceremonia conmemorativa en el centro de San Jos\u00e9, donde quemaron sus uniformes militares como gesto simb\u00f3lico y personal en honor al sacrificio de Bushnell&#8221;, informaron medios de prensa estadounidenses.<\/p>\n<p style=\"text-align: justify;\">Asimismo, expresaron su solidaridad con el pueblo palestino y su rechazo a la actual agresi\u00f3n israel\u00ed a la Franja de Gaza que se cobr\u00f3 la vida de m\u00e1s de 30.000 personas.<\/p>\n<p style=\"text-align: justify;\">Adem\u00e1s, en Chicago, cientos de personas se reunieron para encender velas en honor de Bushnell y de todos aquellos que perdieron la vida en la lucha por Palestina.<\/p>\n<p style=\"text-align: justify;\">ed\/sm<\/p>\n","protected":false},"excerpt":{"rendered":"<p>Washington, 29 feb (SANA) Ex soldados estadounidenses quemaron sus uniformes militares en solidaridad con el soldado Aaron Bushnell, quien se quem\u00f3 frente a la embajada de \u201cIsrael\u201d en Washington en protesta por las masacres genocidas cometidas por el ocupante israel\u00ed contra el pueblo palestino. &#8220;Los\u00a0 soldados efectuaron una ceremonia conmemorativa en el centro de San &hellip;<\/p>\n","protected":false},"author":32,"featured_media":323499,"comment_status":"closed","ping_status":"closed","sticky":false,"template":"","format":"standard","meta":{"footnotes":""},"categories":[597,456,20724,7541],"tags":[],"class_list":["post-323498","post","type-post","status-publish","format-standard","has-post-thumbnail","","category-cinta-de-noticias","category-arabe-internacional-politica","category-minuto-a-minuto","category-ultimas-noticias"],"_links":{"self":[{"href":"https:\/\/archive.sana.sy\/es\/index.php?rest_route=\/wp\/v2\/posts\/323498"}],"collection":[{"href":"https:\/\/archive.sana.sy\/es\/index.php?rest_route=\/wp\/v2\/posts"}],"about":[{"href":"https:\/\/archive.sana.sy\/es\/index.php?rest_route=\/wp\/v2\/types\/post"}],"author":[{"embeddable":true,"href":"https:\/\/archive.sana.sy\/es\/index.php?rest_route=\/wp\/v2\/users\/32"}],"replies":[{"embeddable":true,"href":"https:\/\/archive.sana.sy\/es\/index.php?rest_route=%2Fwp%2Fv2%2Fcomments&post=323498"}],"version-history":[{"count":1,"href":"https:\/\/archive.sana.sy\/es\/index.php?rest_route=\/wp\/v2\/posts\/323498\/revisions"}],"predecessor-version":[{"id":323500,"href":"https:\/\/archive.sana.sy\/es\/index.php?rest_route=\/wp\/v2\/posts\/323498\/revisions\/323500"}],"wp:featuredmedia":[{"embeddable":true,"href":"https:\/\/archive.sana.sy\/es\/index.php?rest_route=\/wp\/v2\/media\/323499"}],"wp:attachment":[{"href":"https:\/\/archive.sana.sy\/es\/index.php?rest_route=%2Fwp%2Fv2%2Fmedia&parent=323498"}],"wp:term":[{"taxonomy":"category","embeddable":true,"href":"https:\/\/archive.sana.sy\/es\/index.php?rest_route=%2Fwp%2Fv2%2Fcategories&post=323498"},{"taxonomy":"post_tag","embeddable":true,"href":"https:\/\/archive.sana.sy\/es\/index.php?rest_route=%2Fwp%2Fv2%2Ftags&post=323498"}],"curies":[{"name":"wp","href":"https:\/\/api.w.org\/{rel}","templated":true}]}}