{"id":323506,"date":"2024-02-29T18:32:30","date_gmt":"2024-02-29T15:32:30","guid":{"rendered":"https:\/\/sana.sy\/es\/?p=323506"},"modified":"2024-02-29T18:38:22","modified_gmt":"2024-02-29T15:38:22","slug":"siria-condena-energicamente-agresion-israeli-contra-gaza-y-expresa-su-apoyo-a-los-palestinos-ante-tal-catastrofe-humanitaria","status":"publish","type":"post","link":"https:\/\/archive.sana.sy\/es\/?p=323506","title":{"rendered":"Siria condena en\u00e9rgicamente agresi\u00f3n israel\u00ed contra Gaza y expresa su apoyo a los palestinos ante tal cat\u00e1strofe humanitaria"},"content":{"rendered":"<p style=\"text-align: justify;\"><span style=\"color: #800000;\"><strong>Damasco, 29 feb (SANA)\u00a0<\/strong> <\/span>El Ministerio de Asuntos Exteriores y Expatriados de Siria afirm\u00f3 que \u201cIsrael\u201d muestra, una vez m\u00e1s, su rostro sangriento y fascista con sus masacres que comete desde hace casi cinco meses contra los inocentes palestinos.<\/p>\n<p style=\"text-align: justify;\">El Ministerio, mediante un comunicado, se\u00f1al\u00f3 que, en su actual agresi\u00f3n a Gaza, el ocupante israel\u00ed us\u00f3 contra los inocentes palestinos todo tipo de armas que superan aquellas que fueron utilizadas por los fascistas y nazis en la Segunda Guerra Mundial.<\/p>\n<p style=\"text-align: justify;\">Detall\u00f3 que las autoridades israel\u00edes no dudaron en dar instrucciones para cometer las m\u00e1s horrendas masacres contra la poblaci\u00f3n de Gaza, que hasta la fecha ocasionaron la muerte de m\u00e1s de 30 mil palestinos, muchos de los cuales a\u00fan se encuentran bajo los escombros, adem\u00e1s de restos de cad\u00e1veres esparcidos por las calles y barrios.<\/p>\n<p style=\"text-align: justify;\">Explic\u00f3 que la mayor\u00eda de los pa\u00edses y pueblos del mundo protestaron por la continuaci\u00f3n de esta cat\u00e1strofe cometida por &#8220;Israel&#8221; sin ninguna conciencia disuasoria.<\/p>\n<p style=\"text-align: justify;\">Asegur\u00f3 que la Corte Internacional de Justicia emiti\u00f3 \u00f3rdenes vinculantes para cesar los cr\u00edmenes sionistas, pero \u201cIsrael\u201d, como siempre, enfatiz\u00f3 p\u00fablicamente que no cumplir\u00eda con las normas internacionales y el Derecho Internacional Humanitario.<\/p>\n<p style=\"text-align: justify;\">Agreg\u00f3 que esta ma\u00f1ana, las fuerzas fascistas israel\u00edes cometieron una masacre contra los palestinos que llevaban varias semanas esperando la llegada de camiones de ayuda humanitaria al suroeste de Gaza, que se cobr\u00f3 la vida de m\u00e1s de un centenar de personas y provoc\u00f3 heridas a casi otras mil.<\/p>\n<p style=\"text-align: justify;\">\u201cSiria, que siempre ha apoyado al pueblo palestino en la Franja de Gaza y Cisjordania, afirma una vez m\u00e1s su en\u00e9rgica condena a los criminales de la ocupaci\u00f3n israel\u00ed y sus atrocidades\u201d, declar\u00f3.<\/p>\n<p style=\"text-align: justify;\">La Canciller\u00eda concluy\u00f3 que Siria llama a los aliados de \u201cIsrael\u201d a detener esta masacre de inmediato, dejar de apoyar pol\u00edtica y econ\u00f3micamente a este r\u00e9gimen fascista y no seguir brind\u00e1ndole cobertura pol\u00edtica en sus continua y brutal agresi\u00f3n contra los palestinos, de lo contrario ser\u00e1n parte integral de esta cat\u00e1strofe humanitaria.<\/p>\n<p style=\"text-align: justify;\">sm<\/p>\n","protected":false},"excerpt":{"rendered":"<p>Damasco, 29 feb (SANA)\u00a0 El Ministerio de Asuntos Exteriores y Expatriados de Siria afirm\u00f3 que \u201cIsrael\u201d muestra, una vez m\u00e1s, su rostro sangriento y fascista con sus masacres que comete desde hace casi cinco meses contra los inocentes palestinos. El Ministerio, mediante un comunicado, se\u00f1al\u00f3 que, en su actual agresi\u00f3n a Gaza, el ocupante israel\u00ed &hellip;<\/p>\n","protected":false},"author":39,"featured_media":323507,"comment_status":"closed","ping_status":"closed","sticky":false,"template":"","format":"standard","meta":{"footnotes":""},"categories":[597,20724,467,583],"tags":[],"class_list":["post-323506","post","type-post","status-publish","format-standard","has-post-thumbnail","","category-cinta-de-noticias","category-minuto-a-minuto","category-siria-y-el-mundo","category-slide"],"_links":{"self":[{"href":"https:\/\/archive.sana.sy\/es\/index.php?rest_route=\/wp\/v2\/posts\/323506"}],"collection":[{"href":"https:\/\/archive.sana.sy\/es\/index.php?rest_route=\/wp\/v2\/posts"}],"about":[{"href":"https:\/\/archive.sana.sy\/es\/index.php?rest_route=\/wp\/v2\/types\/post"}],"author":[{"embeddable":true,"href":"https:\/\/archive.sana.sy\/es\/index.php?rest_route=\/wp\/v2\/users\/39"}],"replies":[{"embeddable":true,"href":"https:\/\/archive.sana.sy\/es\/index.php?rest_route=%2Fwp%2Fv2%2Fcomments&post=323506"}],"version-history":[{"count":6,"href":"https:\/\/archive.sana.sy\/es\/index.php?rest_route=\/wp\/v2\/posts\/323506\/revisions"}],"predecessor-version":[{"id":323513,"href":"https:\/\/archive.sana.sy\/es\/index.php?rest_route=\/wp\/v2\/posts\/323506\/revisions\/323513"}],"wp:featuredmedia":[{"embeddable":true,"href":"https:\/\/archive.sana.sy\/es\/index.php?rest_route=\/wp\/v2\/media\/323507"}],"wp:attachment":[{"href":"https:\/\/archive.sana.sy\/es\/index.php?rest_route=%2Fwp%2Fv2%2Fmedia&parent=323506"}],"wp:term":[{"taxonomy":"category","embeddable":true,"href":"https:\/\/archive.sana.sy\/es\/index.php?rest_route=%2Fwp%2Fv2%2Fcategories&post=323506"},{"taxonomy":"post_tag","embeddable":true,"href":"https:\/\/archive.sana.sy\/es\/index.php?rest_route=%2Fwp%2Fv2%2Ftags&post=323506"}],"curies":[{"name":"wp","href":"https:\/\/api.w.org\/{rel}","templated":true}]}}