{"id":323526,"date":"2024-02-29T20:42:56","date_gmt":"2024-02-29T17:42:56","guid":{"rendered":"https:\/\/sana.sy\/es\/?p=323526"},"modified":"2024-03-01T08:39:56","modified_gmt":"2024-03-01T05:39:56","slug":"rusia-supero-a-todas-las-economias-del-g7-en-tasa-de-crecimiento-afirma-putin","status":"publish","type":"post","link":"https:\/\/archive.sana.sy\/es\/?p=323526","title":{"rendered":"Rusia super\u00f3 a todas las econom\u00edas del G7 en tasa de crecimiento, afirma Putin"},"content":{"rendered":"<p style=\"text-align: justify;\"><span style=\"color: #800000;\"><strong>Mosc\u00fa, 29 feb (SANA)<\/strong><\/span>\u00a0 El presidente de Rusia, Vlad\u00edmir Putin, dijo este jueves durante su discurso anual ante la Duma Estatal y el Consejo de la Federaci\u00f3n, que la econom\u00eda rusa creci\u00f3 el a\u00f1o pasado a un ritmo superior al de la econom\u00eda mundial.<\/p>\n<p style=\"text-align: justify;\">Seg\u00fan este indicador, explic\u00f3 el mandatario, Rusia no solo super\u00f3 a los principales pa\u00edses de la Union Europea, sino tambi\u00e9n a todos los integrantes del G7.<\/p>\n<p style=\"text-align: justify;\">El presidente ruso subray\u00f3 que este crecimiento econ\u00f3mico ha sido posible gracias al margen fundamental de coeficiente de seguridad creado en las \u00faltimas d\u00e9cadas.<\/p>\n<p style=\"text-align: justify;\"><em><strong>ah<\/strong><\/em><\/p>\n","protected":false},"excerpt":{"rendered":"<p>Mosc\u00fa, 29 feb (SANA)\u00a0 El presidente de Rusia, Vlad\u00edmir Putin, dijo este jueves durante su discurso anual ante la Duma Estatal y el Consejo de la Federaci\u00f3n, que la econom\u00eda rusa creci\u00f3 el a\u00f1o pasado a un ritmo superior al de la econom\u00eda mundial. Seg\u00fan este indicador, explic\u00f3 el mandatario, Rusia no solo super\u00f3 a &hellip;<\/p>\n","protected":false},"author":30,"featured_media":323534,"comment_status":"closed","ping_status":"closed","sticky":false,"template":"","format":"standard","meta":{"footnotes":""},"categories":[597,456,20724,1],"tags":[],"class_list":["post-323526","post","type-post","status-publish","format-standard","has-post-thumbnail","","category-cinta-de-noticias","category-arabe-internacional-politica","category-minuto-a-minuto","category-news-not-sorted"],"_links":{"self":[{"href":"https:\/\/archive.sana.sy\/es\/index.php?rest_route=\/wp\/v2\/posts\/323526"}],"collection":[{"href":"https:\/\/archive.sana.sy\/es\/index.php?rest_route=\/wp\/v2\/posts"}],"about":[{"href":"https:\/\/archive.sana.sy\/es\/index.php?rest_route=\/wp\/v2\/types\/post"}],"author":[{"embeddable":true,"href":"https:\/\/archive.sana.sy\/es\/index.php?rest_route=\/wp\/v2\/users\/30"}],"replies":[{"embeddable":true,"href":"https:\/\/archive.sana.sy\/es\/index.php?rest_route=%2Fwp%2Fv2%2Fcomments&post=323526"}],"version-history":[{"count":2,"href":"https:\/\/archive.sana.sy\/es\/index.php?rest_route=\/wp\/v2\/posts\/323526\/revisions"}],"predecessor-version":[{"id":323529,"href":"https:\/\/archive.sana.sy\/es\/index.php?rest_route=\/wp\/v2\/posts\/323526\/revisions\/323529"}],"wp:featuredmedia":[{"embeddable":true,"href":"https:\/\/archive.sana.sy\/es\/index.php?rest_route=\/wp\/v2\/media\/323534"}],"wp:attachment":[{"href":"https:\/\/archive.sana.sy\/es\/index.php?rest_route=%2Fwp%2Fv2%2Fmedia&parent=323526"}],"wp:term":[{"taxonomy":"category","embeddable":true,"href":"https:\/\/archive.sana.sy\/es\/index.php?rest_route=%2Fwp%2Fv2%2Fcategories&post=323526"},{"taxonomy":"post_tag","embeddable":true,"href":"https:\/\/archive.sana.sy\/es\/index.php?rest_route=%2Fwp%2Fv2%2Ftags&post=323526"}],"curies":[{"name":"wp","href":"https:\/\/api.w.org\/{rel}","templated":true}]}}